{"id":3463,"date":"2026-08-28T10:35:15","date_gmt":"2026-08-28T14:35:15","guid":{"rendered":"https:\/\/www.danisphotographe.com\/?p=3463"},"modified":"2026-08-28T10:35:15","modified_gmt":"2026-08-28T14:35:15","slug":"eclipse-2026","status":"publish","type":"post","link":"https:\/\/www.danisphotographe.com\/index.php\/2026\/08\/28\/eclipse-2026\/","title":{"rendered":"Eclipse 2026"},"content":{"rendered":"\n<p class=\"has-black-color has-text-color has-link-color has-small-font-size wp-elements-1 wp-block-paragraph\">L&#8217;\u00e9clipse lunaire partielle a eu lieu dans la nuit du 27 au 28 ao\u00fbt 2026, recouvrant jusqu&#8217;\u00e0 96 % de la Lune dans l&#8217;ombrage de la Terre.<\/p>\n\n\n\n<p class=\"has-black-color has-text-color has-link-color has-small-font-size wp-elements-2 wp-block-paragraph\">Capturer l&#8217;\u00e9clipse lunaire de ce soir a n\u00e9cessit\u00e9 de nombreux essais et erreurs ! La luminosit\u00e9 de la lune variant tr\u00e8s rapidement, j&#8217;ai pass\u00e9 la nuit \u00e0 tester diff\u00e9rents r\u00e9glages ISO, ouvertures et vitesses d&#8217;obturation pour obtenir la meilleure profondeur et les meilleurs d\u00e9tails.<\/p>\n\n\n\n<hr class=\"wp-block-separator has-text-color has-orange-color has-alpha-channel-opacity has-orange-background-color has-background is-style-wide\"\/>\n\n\n\n<p class=\"has-dark-blue-color has-text-color has-link-color has-small-font-size wp-elements-3 wp-block-paragraph\">The partial lunar eclipse took place on the night of August 27-28, 2026, covering up to 96% of the Moon in the Earth&#8217;s shadow.<\/p>\n\n\n\n<p class=\"has-dark-blue-color has-text-color has-link-color has-small-font-size wp-elements-4 wp-block-paragraph\">Capturing tonight&#8217;s lunar eclipse required a lot of trial and error! Because the moon\u2019s brightness shifts so fast, I spent the night cycling through different ISOs, apertures, and shutter speeds to pull out the best depth and detail.<\/p>\n\n\n\n<p class=\"wp-block-paragraph\"><\/p>\n\n\n\n<p class=\"has-text-align-center has-blue-color has-text-color has-link-color wp-elements-5 wp-block-paragraph\"><em><strong>S\u00e9lectionner l\u2019image pour la voir plein grandeur \/ Select the image to view it full size<\/strong><\/em><\/p>\n\n\n\n<figure class=\"wp-block-gallery has-nested-images columns-4 is-cropped wp-block-gallery-1 is-layout-flex wp-block-gallery-is-layout-flex\">\n<figure class=\"wp-block-image size-thumbnail\"><a href=\"https:\/\/www.danisphotographe.com\/wp-content\/uploads\/2026\/08\/002-Partial-Lunar-eclipse-scaled.jpg\"><img loading=\"lazy\" decoding=\"async\" width=\"150\" height=\"150\" data-id=\"3452\" src=\"https:\/\/www.danisphotographe.com\/wp-content\/uploads\/2026\/08\/002-Partial-Lunar-eclipse-150x150.jpg\" alt=\"\" class=\"wp-image-3452\"\/><\/a><\/figure>\n\n\n\n<figure class=\"wp-block-image size-thumbnail\"><a href=\"https:\/\/www.danisphotographe.com\/wp-content\/uploads\/2026\/08\/004-Partial-Lunar-eclipse-scaled.jpg\"><img loading=\"lazy\" decoding=\"async\" width=\"150\" height=\"150\" data-id=\"3454\" src=\"https:\/\/www.danisphotographe.com\/wp-content\/uploads\/2026\/08\/004-Partial-Lunar-eclipse-150x150.jpg\" alt=\"\" class=\"wp-image-3454\"\/><\/a><\/figure>\n\n\n\n<figure class=\"wp-block-image size-thumbnail\"><a href=\"https:\/\/www.danisphotographe.com\/wp-content\/uploads\/2026\/08\/005-Partial-Lunar-eclipse-scaled.jpg\"><img loading=\"lazy\" decoding=\"async\" width=\"150\" height=\"150\" data-id=\"3455\" src=\"https:\/\/www.danisphotographe.com\/wp-content\/uploads\/2026\/08\/005-Partial-Lunar-eclipse-150x150.jpg\" alt=\"\" class=\"wp-image-3455\"\/><\/a><\/figure>\n\n\n\n<figure class=\"wp-block-image size-thumbnail\"><a href=\"https:\/\/www.danisphotographe.com\/wp-content\/uploads\/2026\/08\/006-Partial-Lunar-eclipse-scaled.jpg\"><img loading=\"lazy\" decoding=\"async\" width=\"150\" height=\"150\" data-id=\"3456\" src=\"https:\/\/www.danisphotographe.com\/wp-content\/uploads\/2026\/08\/006-Partial-Lunar-eclipse-150x150.jpg\" alt=\"\" class=\"wp-image-3456\"\/><\/a><\/figure>\n\n\n\n<figure class=\"wp-block-image size-thumbnail\"><a href=\"https:\/\/www.danisphotographe.com\/wp-content\/uploads\/2026\/08\/007-Partial-Lunar-eclipse-scaled.jpg\"><img loading=\"lazy\" decoding=\"async\" width=\"150\" height=\"150\" data-id=\"3457\" src=\"https:\/\/www.danisphotographe.com\/wp-content\/uploads\/2026\/08\/007-Partial-Lunar-eclipse-150x150.jpg\" alt=\"\" class=\"wp-image-3457\"\/><\/a><\/figure>\n\n\n\n<figure class=\"wp-block-image size-thumbnail\"><a href=\"https:\/\/www.danisphotographe.com\/wp-content\/uploads\/2026\/08\/008-Partial-Lunar-eclipse-scaled.jpg\"><img loading=\"lazy\" decoding=\"async\" width=\"150\" height=\"150\" data-id=\"3458\" src=\"https:\/\/www.danisphotographe.com\/wp-content\/uploads\/2026\/08\/008-Partial-Lunar-eclipse-150x150.jpg\" alt=\"\" class=\"wp-image-3458\"\/><\/a><\/figure>\n\n\n\n<figure class=\"wp-block-image size-thumbnail\"><a href=\"https:\/\/www.danisphotographe.com\/wp-content\/uploads\/2026\/08\/010-Partial-Lunar-eclipse-scaled.jpg\"><img loading=\"lazy\" decoding=\"async\" width=\"150\" height=\"150\" data-id=\"3460\" src=\"https:\/\/www.danisphotographe.com\/wp-content\/uploads\/2026\/08\/010-Partial-Lunar-eclipse-150x150.jpg\" alt=\"\" class=\"wp-image-3460\"\/><\/a><\/figure>\n\n\n\n<figure class=\"wp-block-image size-thumbnail\"><a href=\"https:\/\/www.danisphotographe.com\/wp-content\/uploads\/2026\/08\/012-Partial-Lunar-eclipse-scaled.jpg\"><img loading=\"lazy\" decoding=\"async\" width=\"150\" height=\"150\" data-id=\"3462\" src=\"https:\/\/www.danisphotographe.com\/wp-content\/uploads\/2026\/08\/012-Partial-Lunar-eclipse-150x150.jpg\" alt=\"\" class=\"wp-image-3462\"\/><\/a><\/figure>\n\n\n\n<figure class=\"wp-block-image size-thumbnail\"><a href=\"https:\/\/www.danisphotographe.com\/wp-content\/uploads\/2026\/08\/011-Partial-Lunar-eclipse-scaled.jpg\"><img loading=\"lazy\" decoding=\"async\" width=\"150\" height=\"150\" data-id=\"3461\" src=\"https:\/\/www.danisphotographe.com\/wp-content\/uploads\/2026\/08\/011-Partial-Lunar-eclipse-150x150.jpg\" alt=\"\" class=\"wp-image-3461\"\/><\/a><\/figure>\n\n\n\n<figure class=\"wp-block-image size-thumbnail\"><a href=\"https:\/\/www.danisphotographe.com\/wp-content\/uploads\/2026\/08\/003-Partial-Lunar-eclipse-scaled.jpg\"><img loading=\"lazy\" decoding=\"async\" width=\"150\" height=\"150\" data-id=\"3453\" src=\"https:\/\/www.danisphotographe.com\/wp-content\/uploads\/2026\/08\/003-Partial-Lunar-eclipse-150x150.jpg\" alt=\"\" class=\"wp-image-3453\"\/><\/a><\/figure>\n\n\n\n<figure class=\"wp-block-image size-thumbnail\"><a href=\"https:\/\/www.danisphotographe.com\/wp-content\/uploads\/2026\/08\/009-Partial-Lunar-eclipse-scaled.jpg\"><img loading=\"lazy\" decoding=\"async\" width=\"150\" height=\"150\" data-id=\"3459\" src=\"https:\/\/www.danisphotographe.com\/wp-content\/uploads\/2026\/08\/009-Partial-Lunar-eclipse-150x150.jpg\" alt=\"\" class=\"wp-image-3459\"\/><\/a><\/figure>\n<\/figure>\n\n\n\n<p class=\"has-text-align-center has-black-color has-text-color has-link-color wp-elements-6 wp-block-paragraph\">Si vous un projet de photo, contactez-nous.<\/p>\n\n\n\n<hr class=\"wp-block-separator has-text-color has-orange-color has-alpha-channel-opacity has-orange-background-color has-background\"\/>\n\n\n\n<p class=\"has-text-align-center has-dark-blue-color has-text-color has-link-color wp-elements-7 wp-block-paragraph\">If you a photo project, reach out<\/p>\n\n\n\n<p class=\"wp-block-paragraph\"><\/p>\n","protected":false},"excerpt":{"rendered":"<p>L&#8217;\u00e9clipse lunaire partielle a eu lieu dans la nuit du 27 au 28 ao\u00fbt 2026, recouvrant jusqu&#8217;\u00e0 96 % de la Lune dans l&#8217;ombrage de la Terre. Capturer l&#8217;\u00e9clipse lunaire de ce soir a n\u00e9cessit\u00e9 de nombreux essais et erreurs&#8230; <a href=\"https:\/\/www.danisphotographe.com\/index.php\/2026\/08\/28\/eclipse-2026\/\" class=\"read-more\">Read more<\/a><\/p>\n","protected":false},"author":1,"featured_media":3451,"comment_status":"open","ping_status":"open","sticky":false,"template":"","format":"standard","meta":{"_monsterinsights_skip_tracking":false,"_uf_show_specific_survey":0,"_uf_disable_surveys":false,"footnotes":""},"categories":[6],"tags":[350,184,347,348,346,349,203,351,352],"class_list":["post-3463","post","type-post","status-publish","format-standard","has-post-thumbnail","hentry","category-paysage-scenery","tag-blood-moon","tag-danisphotographe-2","tag-eclipse","tag-lunaire","tag-lunar","tag-lune","tag-moon","tag-night","tag-stars"],"aioseo_notices":[],"aioseo_head":"\n\t\t<!-- All in One SEO 5.0.1 - aioseo.com -->\n\t<meta name=\"description\" content=\"L&#039;\u00e9clipse lunaire partielle a eu lieu dans la nuit du 27 au 28 ao\u00fbt 2026, recouvrant jusqu&#039;\u00e0 96 % de la Lune dans l&#039;ombrage de la Terre. Capturer l&#039;\u00e9clipse lunaire de ce soir a n\u00e9cessit\u00e9 de nombreux essais et erreurs ! La luminosit\u00e9 de la lune variant tr\u00e8s rapidement, j&#039;ai pass\u00e9 la nuit \u00e0 tester\" \/>\n\t<meta name=\"robots\" content=\"max-image-preview:large\" \/>\n\t<meta name=\"author\" content=\"Christian Danis\"\/>\n\t<link rel=\"canonical\" href=\"https:\/\/www.danisphotographe.com\/index.php\/2026\/08\/28\/eclipse-2026\/\" \/>\n\t<meta name=\"generator\" content=\"All in One SEO (AIOSEO) 5.0.1\" \/>\n\t\t<meta property=\"og:locale\" content=\"en_US\" \/>\n\t\t<meta property=\"og:site_name\" content=\"Danis Photographe\" \/>\n\t\t<meta property=\"og:type\" content=\"article\" \/>\n\t\t<meta property=\"og:title\" content=\"Eclipse 2026 - Danis Photographe\" \/>\n\t\t<meta property=\"og:description\" content=\"L&#039;\u00e9clipse lunaire partielle a eu lieu dans la nuit du 27 au 28 ao\u00fbt 2026, recouvrant jusqu&#039;\u00e0 96 % de la Lune dans l&#039;ombrage de la Terre. Capturer l&#039;\u00e9clipse lunaire de ce soir a n\u00e9cessit\u00e9 de nombreux essais et erreurs ! La luminosit\u00e9 de la lune variant tr\u00e8s rapidement, j&#039;ai pass\u00e9 la nuit \u00e0 tester\" \/>\n\t\t<meta property=\"og:url\" content=\"https:\/\/www.danisphotographe.com\/index.php\/2026\/08\/28\/eclipse-2026\/\" \/>\n\t\t<meta property=\"og:image\" content=\"https:\/\/www.danisphotographe.com\/wp-content\/uploads\/2026\/08\/001-Partial-Lunar-eclipse-scaled.jpg\" \/>\n\t\t<meta property=\"og:image:secure_url\" content=\"https:\/\/www.danisphotographe.com\/wp-content\/uploads\/2026\/08\/001-Partial-Lunar-eclipse-scaled.jpg\" \/>\n\t\t<meta property=\"og:image:width\" content=\"2560\" \/>\n\t\t<meta property=\"og:image:height\" content=\"1707\" \/>\n\t\t<meta property=\"article:published_time\" content=\"2026-08-28T14:35:15+00:00\" \/>\n\t\t<meta property=\"article:modified_time\" content=\"2026-08-28T14:35:15+00:00\" \/>\n\t\t<meta name=\"twitter:card\" content=\"summary_large_image\" \/>\n\t\t<meta name=\"twitter:title\" content=\"Eclipse 2026 - Danis Photographe\" \/>\n\t\t<meta name=\"twitter:description\" content=\"L&#039;\u00e9clipse lunaire partielle a eu lieu dans la nuit du 27 au 28 ao\u00fbt 2026, recouvrant jusqu&#039;\u00e0 96 % de la Lune dans l&#039;ombrage de la Terre. Capturer l&#039;\u00e9clipse lunaire de ce soir a n\u00e9cessit\u00e9 de nombreux essais et erreurs ! La luminosit\u00e9 de la lune variant tr\u00e8s rapidement, j&#039;ai pass\u00e9 la nuit \u00e0 tester\" \/>\n\t\t<meta name=\"twitter:image\" content=\"https:\/\/www.danisphotographe.com\/wp-content\/uploads\/2026\/08\/001-Partial-Lunar-eclipse-scaled.jpg\" \/>\n\t\t<script type=\"application\/ld+json\" class=\"aioseo-schema\">\n\t\t\t{\"@context\":\"https:\\\/\\\/schema.org\",\"@graph\":[{\"@type\":\"BlogPosting\",\"@id\":\"https:\\\/\\\/www.danisphotographe.com\\\/index.php\\\/2026\\\/08\\\/28\\\/eclipse-2026\\\/#blogposting\",\"name\":\"Eclipse 2026 - Danis Photographe\",\"headline\":\"Eclipse 2026\",\"author\":{\"@id\":\"https:\\\/\\\/www.danisphotographe.com\\\/index.php\\\/author\\\/christian\\\/#author\"},\"publisher\":{\"@id\":\"https:\\\/\\\/www.danisphotographe.com\\\/#organization\"},\"image\":{\"@type\":\"ImageObject\",\"url\":\"https:\\\/\\\/www.danisphotographe.com\\\/wp-content\\\/uploads\\\/2026\\\/08\\\/001-Partial-Lunar-eclipse-scaled.jpg\",\"width\":2560,\"height\":1707,\"caption\":\"Partial Lunar Eclipse\"},\"datePublished\":\"2026-08-28T10:35:15-04:00\",\"dateModified\":\"2026-08-28T10:35:15-04:00\",\"inLanguage\":\"en-CA\",\"mainEntityOfPage\":{\"@id\":\"https:\\\/\\\/www.danisphotographe.com\\\/index.php\\\/2026\\\/08\\\/28\\\/eclipse-2026\\\/#webpage\"},\"isPartOf\":{\"@id\":\"https:\\\/\\\/www.danisphotographe.com\\\/index.php\\\/2026\\\/08\\\/28\\\/eclipse-2026\\\/#webpage\"},\"articleSection\":\"Paysage \\\/ Scenery, blood moon, DanisPhotographe, Eclipse, Lunaire, Lunar, Lune, Moon, night, Stars\"},{\"@type\":\"BreadcrumbList\",\"@id\":\"https:\\\/\\\/www.danisphotographe.com\\\/index.php\\\/2026\\\/08\\\/28\\\/eclipse-2026\\\/#breadcrumblist\",\"itemListElement\":[{\"@type\":\"ListItem\",\"@id\":\"https:\\\/\\\/www.danisphotographe.com#listItem\",\"position\":1,\"name\":\"Home\",\"item\":\"https:\\\/\\\/www.danisphotographe.com\",\"nextItem\":{\"@type\":\"ListItem\",\"@id\":\"https:\\\/\\\/www.danisphotographe.com\\\/index.php\\\/category\\\/paysage-scenery\\\/#listItem\",\"name\":\"Paysage \\\/ Scenery\"}},{\"@type\":\"ListItem\",\"@id\":\"https:\\\/\\\/www.danisphotographe.com\\\/index.php\\\/category\\\/paysage-scenery\\\/#listItem\",\"position\":2,\"name\":\"Paysage \\\/ Scenery\",\"item\":\"https:\\\/\\\/www.danisphotographe.com\\\/index.php\\\/category\\\/paysage-scenery\\\/\",\"nextItem\":{\"@type\":\"ListItem\",\"@id\":\"https:\\\/\\\/www.danisphotographe.com\\\/index.php\\\/2026\\\/08\\\/28\\\/eclipse-2026\\\/#listItem\",\"name\":\"Eclipse 2026\"},\"previousItem\":{\"@type\":\"ListItem\",\"@id\":\"https:\\\/\\\/www.danisphotographe.com#listItem\",\"name\":\"Home\"}},{\"@type\":\"ListItem\",\"@id\":\"https:\\\/\\\/www.danisphotographe.com\\\/index.php\\\/2026\\\/08\\\/28\\\/eclipse-2026\\\/#listItem\",\"position\":3,\"name\":\"Eclipse 2026\",\"previousItem\":{\"@type\":\"ListItem\",\"@id\":\"https:\\\/\\\/www.danisphotographe.com\\\/index.php\\\/category\\\/paysage-scenery\\\/#listItem\",\"name\":\"Paysage \\\/ Scenery\"}}]},{\"@type\":\"Organization\",\"@id\":\"https:\\\/\\\/www.danisphotographe.com\\\/#organization\",\"name\":\"Danis Photographe\",\"url\":\"https:\\\/\\\/www.danisphotographe.com\\\/\"},{\"@type\":\"Person\",\"@id\":\"https:\\\/\\\/www.danisphotographe.com\\\/index.php\\\/author\\\/christian\\\/#author\",\"url\":\"https:\\\/\\\/www.danisphotographe.com\\\/index.php\\\/author\\\/christian\\\/\",\"name\":\"Christian Danis\",\"image\":{\"@type\":\"ImageObject\",\"@id\":\"https:\\\/\\\/www.danisphotographe.com\\\/index.php\\\/2026\\\/08\\\/28\\\/eclipse-2026\\\/#authorImage\",\"url\":\"https:\\\/\\\/secure.gravatar.com\\\/avatar\\\/e1e651c75ef6c1a0536d0f58c483345ae18c0c12d574b1729cbf63d7690d1cc8?s=96&d=mm&r=g\",\"width\":96,\"height\":96,\"caption\":\"Christian Danis\"}},{\"@type\":\"WebPage\",\"@id\":\"https:\\\/\\\/www.danisphotographe.com\\\/index.php\\\/2026\\\/08\\\/28\\\/eclipse-2026\\\/#webpage\",\"url\":\"https:\\\/\\\/www.danisphotographe.com\\\/index.php\\\/2026\\\/08\\\/28\\\/eclipse-2026\\\/\",\"name\":\"Eclipse 2026 - Danis Photographe\",\"description\":\"L'\\u00e9clipse lunaire partielle a eu lieu dans la nuit du 27 au 28 ao\\u00fbt 2026, recouvrant jusqu'\\u00e0 96 % de la Lune dans l'ombrage de la Terre. Capturer l'\\u00e9clipse lunaire de ce soir a n\\u00e9cessit\\u00e9 de nombreux essais et erreurs ! La luminosit\\u00e9 de la lune variant tr\\u00e8s rapidement, j'ai pass\\u00e9 la nuit \\u00e0 tester\",\"inLanguage\":\"en-CA\",\"isPartOf\":{\"@id\":\"https:\\\/\\\/www.danisphotographe.com\\\/#website\"},\"breadcrumb\":{\"@id\":\"https:\\\/\\\/www.danisphotographe.com\\\/index.php\\\/2026\\\/08\\\/28\\\/eclipse-2026\\\/#breadcrumblist\"},\"author\":{\"@id\":\"https:\\\/\\\/www.danisphotographe.com\\\/index.php\\\/author\\\/christian\\\/#author\"},\"creator\":{\"@id\":\"https:\\\/\\\/www.danisphotographe.com\\\/index.php\\\/author\\\/christian\\\/#author\"},\"image\":{\"@type\":\"ImageObject\",\"url\":\"https:\\\/\\\/www.danisphotographe.com\\\/wp-content\\\/uploads\\\/2026\\\/08\\\/001-Partial-Lunar-eclipse-scaled.jpg\",\"@id\":\"https:\\\/\\\/www.danisphotographe.com\\\/index.php\\\/2026\\\/08\\\/28\\\/eclipse-2026\\\/#mainImage\",\"width\":2560,\"height\":1707,\"caption\":\"Partial Lunar Eclipse\"},\"primaryImageOfPage\":{\"@id\":\"https:\\\/\\\/www.danisphotographe.com\\\/index.php\\\/2026\\\/08\\\/28\\\/eclipse-2026\\\/#mainImage\"},\"datePublished\":\"2026-08-28T10:35:15-04:00\",\"dateModified\":\"2026-08-28T10:35:15-04:00\"},{\"@type\":\"WebSite\",\"@id\":\"https:\\\/\\\/www.danisphotographe.com\\\/#website\",\"url\":\"https:\\\/\\\/www.danisphotographe.com\\\/\",\"name\":\"Danis Photographe\",\"inLanguage\":\"en-CA\",\"publisher\":{\"@id\":\"https:\\\/\\\/www.danisphotographe.com\\\/#organization\"}}]}\n\t\t<\/script>\n\t\t<!-- All in One SEO -->\n\n","aioseo_head_json":{"title":"Eclipse 2026 - Danis Photographe","description":"L'\u00e9clipse lunaire partielle a eu lieu dans la nuit du 27 au 28 ao\u00fbt 2026, recouvrant jusqu'\u00e0 96 % de la Lune dans l'ombrage de la Terre. Capturer l'\u00e9clipse lunaire de ce soir a n\u00e9cessit\u00e9 de nombreux essais et erreurs ! La luminosit\u00e9 de la lune variant tr\u00e8s rapidement, j'ai pass\u00e9 la nuit \u00e0 tester","canonical_url":"https:\/\/www.danisphotographe.com\/index.php\/2026\/08\/28\/eclipse-2026\/","robots":"max-image-preview:large","keywords":"","webmasterTools":{"miscellaneous":""},"schema":{"@context":"https:\/\/schema.org","@graph":[{"@type":"BlogPosting","@id":"https:\/\/www.danisphotographe.com\/index.php\/2026\/08\/28\/eclipse-2026\/#blogposting","name":"Eclipse 2026 - Danis Photographe","headline":"Eclipse 2026","author":{"@id":"https:\/\/www.danisphotographe.com\/index.php\/author\/christian\/#author"},"publisher":{"@id":"https:\/\/www.danisphotographe.com\/#organization"},"image":{"@type":"ImageObject","url":"https:\/\/www.danisphotographe.com\/wp-content\/uploads\/2026\/08\/001-Partial-Lunar-eclipse-scaled.jpg","width":2560,"height":1707,"caption":"Partial Lunar Eclipse"},"datePublished":"2026-08-28T10:35:15-04:00","dateModified":"2026-08-28T10:35:15-04:00","inLanguage":"en-CA","mainEntityOfPage":{"@id":"https:\/\/www.danisphotographe.com\/index.php\/2026\/08\/28\/eclipse-2026\/#webpage"},"isPartOf":{"@id":"https:\/\/www.danisphotographe.com\/index.php\/2026\/08\/28\/eclipse-2026\/#webpage"},"articleSection":"Paysage \/ Scenery, blood moon, DanisPhotographe, Eclipse, Lunaire, Lunar, Lune, Moon, night, Stars"},{"@type":"BreadcrumbList","@id":"https:\/\/www.danisphotographe.com\/index.php\/2026\/08\/28\/eclipse-2026\/#breadcrumblist","itemListElement":[{"@type":"ListItem","@id":"https:\/\/www.danisphotographe.com#listItem","position":1,"name":"Home","item":"https:\/\/www.danisphotographe.com","nextItem":{"@type":"ListItem","@id":"https:\/\/www.danisphotographe.com\/index.php\/category\/paysage-scenery\/#listItem","name":"Paysage \/ Scenery"}},{"@type":"ListItem","@id":"https:\/\/www.danisphotographe.com\/index.php\/category\/paysage-scenery\/#listItem","position":2,"name":"Paysage \/ Scenery","item":"https:\/\/www.danisphotographe.com\/index.php\/category\/paysage-scenery\/","nextItem":{"@type":"ListItem","@id":"https:\/\/www.danisphotographe.com\/index.php\/2026\/08\/28\/eclipse-2026\/#listItem","name":"Eclipse 2026"},"previousItem":{"@type":"ListItem","@id":"https:\/\/www.danisphotographe.com#listItem","name":"Home"}},{"@type":"ListItem","@id":"https:\/\/www.danisphotographe.com\/index.php\/2026\/08\/28\/eclipse-2026\/#listItem","position":3,"name":"Eclipse 2026","previousItem":{"@type":"ListItem","@id":"https:\/\/www.danisphotographe.com\/index.php\/category\/paysage-scenery\/#listItem","name":"Paysage \/ Scenery"}}]},{"@type":"Organization","@id":"https:\/\/www.danisphotographe.com\/#organization","name":"Danis Photographe","url":"https:\/\/www.danisphotographe.com\/"},{"@type":"Person","@id":"https:\/\/www.danisphotographe.com\/index.php\/author\/christian\/#author","url":"https:\/\/www.danisphotographe.com\/index.php\/author\/christian\/","name":"Christian Danis","image":{"@type":"ImageObject","@id":"https:\/\/www.danisphotographe.com\/index.php\/2026\/08\/28\/eclipse-2026\/#authorImage","url":"https:\/\/secure.gravatar.com\/avatar\/e1e651c75ef6c1a0536d0f58c483345ae18c0c12d574b1729cbf63d7690d1cc8?s=96&d=mm&r=g","width":96,"height":96,"caption":"Christian Danis"}},{"@type":"WebPage","@id":"https:\/\/www.danisphotographe.com\/index.php\/2026\/08\/28\/eclipse-2026\/#webpage","url":"https:\/\/www.danisphotographe.com\/index.php\/2026\/08\/28\/eclipse-2026\/","name":"Eclipse 2026 - Danis Photographe","description":"L'\u00e9clipse lunaire partielle a eu lieu dans la nuit du 27 au 28 ao\u00fbt 2026, recouvrant jusqu'\u00e0 96 % de la Lune dans l'ombrage de la Terre. Capturer l'\u00e9clipse lunaire de ce soir a n\u00e9cessit\u00e9 de nombreux essais et erreurs ! La luminosit\u00e9 de la lune variant tr\u00e8s rapidement, j'ai pass\u00e9 la nuit \u00e0 tester","inLanguage":"en-CA","isPartOf":{"@id":"https:\/\/www.danisphotographe.com\/#website"},"breadcrumb":{"@id":"https:\/\/www.danisphotographe.com\/index.php\/2026\/08\/28\/eclipse-2026\/#breadcrumblist"},"author":{"@id":"https:\/\/www.danisphotographe.com\/index.php\/author\/christian\/#author"},"creator":{"@id":"https:\/\/www.danisphotographe.com\/index.php\/author\/christian\/#author"},"image":{"@type":"ImageObject","url":"https:\/\/www.danisphotographe.com\/wp-content\/uploads\/2026\/08\/001-Partial-Lunar-eclipse-scaled.jpg","@id":"https:\/\/www.danisphotographe.com\/index.php\/2026\/08\/28\/eclipse-2026\/#mainImage","width":2560,"height":1707,"caption":"Partial Lunar Eclipse"},"primaryImageOfPage":{"@id":"https:\/\/www.danisphotographe.com\/index.php\/2026\/08\/28\/eclipse-2026\/#mainImage"},"datePublished":"2026-08-28T10:35:15-04:00","dateModified":"2026-08-28T10:35:15-04:00"},{"@type":"WebSite","@id":"https:\/\/www.danisphotographe.com\/#website","url":"https:\/\/www.danisphotographe.com\/","name":"Danis Photographe","inLanguage":"en-CA","publisher":{"@id":"https:\/\/www.danisphotographe.com\/#organization"}}]},"og:locale":"en_US","og:site_name":"Danis Photographe","og:type":"article","og:title":"Eclipse 2026 - Danis Photographe","og:description":"L'\u00e9clipse lunaire partielle a eu lieu dans la nuit du 27 au 28 ao\u00fbt 2026, recouvrant jusqu'\u00e0 96 % de la Lune dans l'ombrage de la Terre. Capturer l'\u00e9clipse lunaire de ce soir a n\u00e9cessit\u00e9 de nombreux essais et erreurs ! La luminosit\u00e9 de la lune variant tr\u00e8s rapidement, j'ai pass\u00e9 la nuit \u00e0 tester","og:url":"https:\/\/www.danisphotographe.com\/index.php\/2026\/08\/28\/eclipse-2026\/","og:image":"https:\/\/www.danisphotographe.com\/wp-content\/uploads\/2026\/08\/001-Partial-Lunar-eclipse-scaled.jpg","og:image:secure_url":"https:\/\/www.danisphotographe.com\/wp-content\/uploads\/2026\/08\/001-Partial-Lunar-eclipse-scaled.jpg","og:image:width":2560,"og:image:height":1707,"article:published_time":"2026-08-28T14:35:15+00:00","article:modified_time":"2026-08-28T14:35:15+00:00","twitter:card":"summary_large_image","twitter:title":"Eclipse 2026 - Danis Photographe","twitter:description":"L'\u00e9clipse lunaire partielle a eu lieu dans la nuit du 27 au 28 ao\u00fbt 2026, recouvrant jusqu'\u00e0 96 % de la Lune dans l'ombrage de la Terre. Capturer l'\u00e9clipse lunaire de ce soir a n\u00e9cessit\u00e9 de nombreux essais et erreurs ! La luminosit\u00e9 de la lune variant tr\u00e8s rapidement, j'ai pass\u00e9 la nuit \u00e0 tester","twitter:image":"https:\/\/www.danisphotographe.com\/wp-content\/uploads\/2026\/08\/001-Partial-Lunar-eclipse-scaled.jpg"},"aioseo_meta_data":{"post_id":"3463","title":null,"description":null,"keywords":null,"keyphrases":{"focus":{"keyphrase":"","score":0,"analysis":{"keyphraseInTitle":{"score":0,"maxScore":9,"error":1}}},"additional":[]},"primary_term":null,"canonical_url":null,"og_title":null,"og_description":null,"og_object_type":"default","og_image_type":"default","og_image_url":null,"og_image_width":null,"og_image_height":null,"og_image_custom_url":null,"og_image_custom_fields":null,"og_video":"","og_custom_url":null,"og_article_section":null,"og_article_tags":null,"twitter_use_og":false,"twitter_card":"default","twitter_image_type":"default","twitter_image_url":null,"twitter_image_custom_url":null,"twitter_image_custom_fields":null,"twitter_title":null,"twitter_description":null,"schema":{"blockGraphs":[],"customGraphs":[],"default":{"data":{"Article":[],"Course":[],"Dataset":[],"FAQPage":[],"Movie":[],"Person":[],"Product":[],"ProductReview":[],"Car":[],"Recipe":[],"Service":[],"SoftwareApplication":[],"WebPage":[]},"graphName":"BlogPosting","isEnabled":true},"graphs":[]},"schema_type":"default","schema_type_options":null,"pillar_content":false,"robots_default":true,"robots_noindex":false,"robots_noarchive":false,"robots_nosnippet":false,"robots_nofollow":false,"robots_noimageindex":false,"robots_noodp":false,"robots_notranslate":false,"robots_max_snippet":"-1","robots_max_videopreview":"-1","robots_max_imagepreview":"large","priority":null,"frequency":"default","local_seo":null,"breadcrumb_settings":null,"limit_modified_date":false,"ai":{"faqs":[],"keyPoints":[],"schemas":[],"titles":[],"descriptions":[],"socialPosts":{"email":{"subject":"","preview":"","content":""},"linkedin":[],"twitter":[],"facebook":[],"instagram":[]}},"created":"2026-08-28 14:18:49","updated":"2026-08-28 14:38:00","seo_analyzer_scan_date":null,"focus_keyword":null,"additional_keywords":null,"truseo_locale":null},"aioseo_breadcrumb":"<div class=\"aioseo-breadcrumbs\"><span class=\"aioseo-breadcrumb\">\n\t\t\t<a href=\"https:\/\/www.danisphotographe.com\" title=\"Home\">Home<\/a>\n\t\t<\/span><span class=\"aioseo-breadcrumb-separator\">&raquo;<\/span><span class=\"aioseo-breadcrumb\">\n\t\t\t<a href=\"https:\/\/www.danisphotographe.com\/index.php\/category\/paysage-scenery\/\" title=\"Paysage \/ Scenery\">Paysage \/ Scenery<\/a>\n\t\t<\/span><span class=\"aioseo-breadcrumb-separator\">&raquo;<\/span><span class=\"aioseo-breadcrumb\">\n\t\t\tEclipse 2026\n\t\t<\/span><\/div>","aioseo_breadcrumb_json":[{"label":"Home","link":"https:\/\/www.danisphotographe.com"},{"label":"Paysage \/ Scenery","link":"https:\/\/www.danisphotographe.com\/index.php\/category\/paysage-scenery\/"},{"label":"Eclipse 2026","link":"https:\/\/www.danisphotographe.com\/index.php\/2026\/08\/28\/eclipse-2026\/"}],"_links":{"self":[{"href":"https:\/\/www.danisphotographe.com\/index.php\/wp-json\/wp\/v2\/posts\/3463","targetHints":{"allow":["GET"]}}],"collection":[{"href":"https:\/\/www.danisphotographe.com\/index.php\/wp-json\/wp\/v2\/posts"}],"about":[{"href":"https:\/\/www.danisphotographe.com\/index.php\/wp-json\/wp\/v2\/types\/post"}],"author":[{"embeddable":true,"href":"https:\/\/www.danisphotographe.com\/index.php\/wp-json\/wp\/v2\/users\/1"}],"replies":[{"embeddable":true,"href":"https:\/\/www.danisphotographe.com\/index.php\/wp-json\/wp\/v2\/comments?post=3463"}],"version-history":[{"count":5,"href":"https:\/\/www.danisphotographe.com\/index.php\/wp-json\/wp\/v2\/posts\/3463\/revisions"}],"predecessor-version":[{"id":3468,"href":"https:\/\/www.danisphotographe.com\/index.php\/wp-json\/wp\/v2\/posts\/3463\/revisions\/3468"}],"wp:featuredmedia":[{"embeddable":true,"href":"https:\/\/www.danisphotographe.com\/index.php\/wp-json\/wp\/v2\/media\/3451"}],"wp:attachment":[{"href":"https:\/\/www.danisphotographe.com\/index.php\/wp-json\/wp\/v2\/media?parent=3463"}],"wp:term":[{"taxonomy":"category","embeddable":true,"href":"https:\/\/www.danisphotographe.com\/index.php\/wp-json\/wp\/v2\/categories?post=3463"},{"taxonomy":"post_tag","embeddable":true,"href":"https:\/\/www.danisphotographe.com\/index.php\/wp-json\/wp\/v2\/tags?post=3463"}],"curies":[{"name":"wp","href":"https:\/\/api.w.org\/{rel}","templated":true}]}}