{"id":3357,"date":"2026-08-15T22:25:55","date_gmt":"2026-08-16T02:25:55","guid":{"rendered":"https:\/\/www.danisphotographe.com\/?p=3357"},"modified":"2026-08-15T22:25:56","modified_gmt":"2026-08-16T02:25:56","slug":"audi-r8","status":"publish","type":"post","link":"https:\/\/www.danisphotographe.com\/index.php\/2026\/08\/15\/audi-r8\/","title":{"rendered":"Audi R8"},"content":{"rendered":"\n<p class=\"has-black-color has-text-color has-link-color wp-elements-1 wp-block-paragraph\">L&#8217;Audi R8 de 2008 est une supercar r\u00e9volutionnaire \u00e0 moteur central qui allie confort de conduite au quotidien et performances exceptionnelles sur circuit. Elle se distingue par son ch\u00e2ssis spatial en aluminium au design saisissant, la transmission int\u00e9grale Quattro embl\u00e9matique d&#8217;Audi et un moteur V8 de 4,2 litres \u00e0 haut r\u00e9gime. Reconnue pour ses ailettes lat\u00e9rales iconiques et son comportement routier \u00e9quilibr\u00e9, la R8 de 2008 a marqu\u00e9 l&#8217;entr\u00e9e l\u00e9gendaire d&#8217;Audi sur le march\u00e9 des voitures de sport d&#8217;exception.<\/p>\n\n\n\n<p class=\"has-black-color has-text-color has-link-color wp-elements-2 wp-block-paragraph\">La rumeur court que cette voiture appartenait \u00e0 un youtuber de DDE<\/p>\n\n\n\n<hr class=\"wp-block-separator has-text-color has-orange-color has-alpha-channel-opacity has-orange-background-color has-background is-style-wide\"\/>\n\n\n\n<p class=\"has-dark-blue-color has-text-color has-link-color wp-elements-3 wp-block-paragraph\">The 2008 Audi R8 is a groundbreaking, mid-engine supercar that blends daily drivability with track-focused performance. It features a striking aluminum space-frame design, Audi&#8217;s signature Quattro all-wheel-drive system, and a high-revving 4.2-litre V8 engine. Known for its iconic &#8220;sideblades&#8221; and balanced handling, the 2008 model marked Audi&#8217;s legendary entry into the exotic sports car market.<\/p>\n\n\n\n<p class=\"has-dark-blue-color has-text-color has-link-color wp-elements-4 wp-block-paragraph\">Rumor want that this car was owned by one of DDE youtuber<\/p>\n\n\n\n<figure class=\"wp-block-table\"><table class=\"has-fixed-layout\"><tbody><tr><td>Mod\u00e8le \/ Model :<\/td><td>Audi R8<\/td><\/tr><tr><td>Ann\u00e9e produit \/ Produce Year :<\/td><td>2008<\/td><\/tr><tr><td>Moteur \/ Engine :<\/td><td>4.2-Liter V8<\/td><\/tr><tr><td>Puissance \/ Power Output :<\/td><td>420 Hp<\/td><\/tr><tr><td>Transmission : <\/td><td>6 Vitesse \/ Speed R-tronic<br>AWD<\/td><\/tr><tr><td>Vitesse maximal \/ Top speed :<\/td><td>297 Km \/ 185 Mph<\/td><\/tr><tr><td>Produit \/ Produce : (2008)<\/td><td>5656<\/td><\/tr><tr><td>Production :<\/td><td>2007 &#8211; 2024<\/td><\/tr><\/tbody><\/table><\/figure>\n\n\n\n<p class=\"has-text-align-center wp-block-paragraph\">S\u00e9lectionner l\u2019image pour la voir plein grandeur \/ Select the image to view it full size<\/p>\n\n\n\n<figure class=\"wp-block-gallery has-nested-images columns-default is-cropped wp-block-gallery-1 is-layout-flex wp-block-gallery-is-layout-flex\">\n<figure class=\"wp-block-image size-large\"><a href=\"https:\/\/www.danisphotographe.com\/wp-content\/uploads\/2026\/08\/004-2008-Audi-R8-BW-scaled.jpg\"><img loading=\"lazy\" decoding=\"async\" width=\"1024\" height=\"683\" data-id=\"3364\" src=\"https:\/\/www.danisphotographe.com\/wp-content\/uploads\/2026\/08\/004-2008-Audi-R8-BW-1024x683.jpg\" alt=\"\" class=\"wp-image-3364\" srcset=\"https:\/\/www.danisphotographe.com\/wp-content\/uploads\/2026\/08\/004-2008-Audi-R8-BW-1024x683.jpg 1024w, https:\/\/www.danisphotographe.com\/wp-content\/uploads\/2026\/08\/004-2008-Audi-R8-BW-300x200.jpg 300w, https:\/\/www.danisphotographe.com\/wp-content\/uploads\/2026\/08\/004-2008-Audi-R8-BW-768x512.jpg 768w, https:\/\/www.danisphotographe.com\/wp-content\/uploads\/2026\/08\/004-2008-Audi-R8-BW-1536x1024.jpg 1536w, https:\/\/www.danisphotographe.com\/wp-content\/uploads\/2026\/08\/004-2008-Audi-R8-BW-2048x1365.jpg 2048w\" sizes=\"auto, (max-width: 1024px) 100vw, 1024px\" \/><\/a><\/figure>\n\n\n\n<figure class=\"wp-block-image size-large\"><a href=\"https:\/\/www.danisphotographe.com\/wp-content\/uploads\/2026\/08\/002-2008-Audi-R8-BW-scaled.jpg\"><img loading=\"lazy\" decoding=\"async\" width=\"1024\" height=\"683\" data-id=\"3362\" src=\"https:\/\/www.danisphotographe.com\/wp-content\/uploads\/2026\/08\/002-2008-Audi-R8-BW-1024x683.jpg\" alt=\"\" class=\"wp-image-3362\" srcset=\"https:\/\/www.danisphotographe.com\/wp-content\/uploads\/2026\/08\/002-2008-Audi-R8-BW-1024x683.jpg 1024w, https:\/\/www.danisphotographe.com\/wp-content\/uploads\/2026\/08\/002-2008-Audi-R8-BW-300x200.jpg 300w, https:\/\/www.danisphotographe.com\/wp-content\/uploads\/2026\/08\/002-2008-Audi-R8-BW-768x512.jpg 768w, https:\/\/www.danisphotographe.com\/wp-content\/uploads\/2026\/08\/002-2008-Audi-R8-BW-1536x1024.jpg 1536w, https:\/\/www.danisphotographe.com\/wp-content\/uploads\/2026\/08\/002-2008-Audi-R8-BW-2048x1365.jpg 2048w\" sizes=\"auto, (max-width: 1024px) 100vw, 1024px\" \/><\/a><\/figure>\n\n\n\n<figure class=\"wp-block-image size-large\"><a href=\"https:\/\/www.danisphotographe.com\/wp-content\/uploads\/2026\/08\/003-2008-Audi-R8-BW-scaled.jpg\"><img loading=\"lazy\" decoding=\"async\" width=\"1024\" height=\"683\" data-id=\"3363\" src=\"https:\/\/www.danisphotographe.com\/wp-content\/uploads\/2026\/08\/003-2008-Audi-R8-BW-1024x683.jpg\" alt=\"\" class=\"wp-image-3363\" srcset=\"https:\/\/www.danisphotographe.com\/wp-content\/uploads\/2026\/08\/003-2008-Audi-R8-BW-1024x683.jpg 1024w, https:\/\/www.danisphotographe.com\/wp-content\/uploads\/2026\/08\/003-2008-Audi-R8-BW-300x200.jpg 300w, https:\/\/www.danisphotographe.com\/wp-content\/uploads\/2026\/08\/003-2008-Audi-R8-BW-768x512.jpg 768w, https:\/\/www.danisphotographe.com\/wp-content\/uploads\/2026\/08\/003-2008-Audi-R8-BW-1536x1024.jpg 1536w, https:\/\/www.danisphotographe.com\/wp-content\/uploads\/2026\/08\/003-2008-Audi-R8-BW-2048x1365.jpg 2048w\" sizes=\"auto, (max-width: 1024px) 100vw, 1024px\" \/><\/a><\/figure>\n\n\n\n<figure class=\"wp-block-image size-large\"><a href=\"https:\/\/www.danisphotographe.com\/wp-content\/uploads\/2026\/08\/001-2008-Audi-R8-BW-scaled.jpg\"><img loading=\"lazy\" decoding=\"async\" width=\"1024\" height=\"683\" data-id=\"3361\" src=\"https:\/\/www.danisphotographe.com\/wp-content\/uploads\/2026\/08\/001-2008-Audi-R8-BW-1024x683.jpg\" alt=\"\" class=\"wp-image-3361\" srcset=\"https:\/\/www.danisphotographe.com\/wp-content\/uploads\/2026\/08\/001-2008-Audi-R8-BW-1024x683.jpg 1024w, https:\/\/www.danisphotographe.com\/wp-content\/uploads\/2026\/08\/001-2008-Audi-R8-BW-300x200.jpg 300w, https:\/\/www.danisphotographe.com\/wp-content\/uploads\/2026\/08\/001-2008-Audi-R8-BW-768x512.jpg 768w, https:\/\/www.danisphotographe.com\/wp-content\/uploads\/2026\/08\/001-2008-Audi-R8-BW-1536x1024.jpg 1536w, https:\/\/www.danisphotographe.com\/wp-content\/uploads\/2026\/08\/001-2008-Audi-R8-BW-2048x1365.jpg 2048w\" sizes=\"auto, (max-width: 1024px) 100vw, 1024px\" \/><\/a><\/figure>\n<\/figure>\n","protected":false},"excerpt":{"rendered":"<p>L&#8217;Audi R8 de 2008 est une supercar r\u00e9volutionnaire \u00e0 moteur central qui allie confort de conduite au quotidien et performances exceptionnelles sur circuit. Elle se distingue par son ch\u00e2ssis spatial en aluminium au design saisissant, la transmission int\u00e9grale Quattro embl\u00e9matique&#8230; <a href=\"https:\/\/www.danisphotographe.com\/index.php\/2026\/08\/15\/audi-r8\/\" class=\"read-more\">Read more<\/a><\/p>\n","protected":false},"author":1,"featured_media":3366,"comment_status":"open","ping_status":"open","sticky":false,"template":"","format":"standard","meta":{"_monsterinsights_skip_tracking":false,"_uf_show_specific_survey":0,"_uf_disable_surveys":false,"footnotes":""},"categories":[4],"tags":[330,332,43,15,14,184,334,333,331,18],"class_list":["post-3357","post","type-post","status-publish","format-standard","has-post-thumbnail","hentry","category-car","tag-audi","tag-august","tag-auto","tag-automobile","tag-car","tag-danisphotographe-2","tag-dde","tag-luxurymotors","tag-r8","tag-supercar"],"aioseo_notices":[],"aioseo_head":"\n\t\t<!-- All in One SEO 5.0.1 - aioseo.com -->\n\t<meta name=\"description\" content=\"L&#039;Audi R8 de 2008 est une supercar r\u00e9volutionnaire \u00e0 moteur central qui allie confort de conduite au quotidien et performances exceptionnelles sur circuit. Elle se distingue par son ch\u00e2ssis spatial en aluminium au design saisissant, la transmission int\u00e9grale Quattro embl\u00e9matique d&#039;Audi et un moteur V8 de 4,2 litres \u00e0 haut r\u00e9gime. Reconnue pour ses ailettes\" \/>\n\t<meta name=\"robots\" content=\"max-image-preview:large\" \/>\n\t<meta name=\"author\" content=\"Christian Danis\"\/>\n\t<link rel=\"canonical\" href=\"https:\/\/www.danisphotographe.com\/index.php\/2026\/08\/15\/audi-r8\/\" \/>\n\t<meta name=\"generator\" content=\"All in One SEO (AIOSEO) 5.0.1\" \/>\n\t\t<meta property=\"og:locale\" content=\"en_US\" \/>\n\t\t<meta property=\"og:site_name\" content=\"Danis Photographe\" \/>\n\t\t<meta property=\"og:type\" content=\"article\" \/>\n\t\t<meta property=\"og:title\" content=\"Audi R8 - Danis Photographe\" \/>\n\t\t<meta property=\"og:description\" content=\"L&#039;Audi R8 de 2008 est une supercar r\u00e9volutionnaire \u00e0 moteur central qui allie confort de conduite au quotidien et performances exceptionnelles sur circuit. Elle se distingue par son ch\u00e2ssis spatial en aluminium au design saisissant, la transmission int\u00e9grale Quattro embl\u00e9matique d&#039;Audi et un moteur V8 de 4,2 litres \u00e0 haut r\u00e9gime. Reconnue pour ses ailettes\" \/>\n\t\t<meta property=\"og:url\" content=\"https:\/\/www.danisphotographe.com\/index.php\/2026\/08\/15\/audi-r8\/\" \/>\n\t\t<meta property=\"og:image\" content=\"https:\/\/www.danisphotographe.com\/wp-content\/uploads\/2026\/08\/005-2008-Audi-R8-BW-scaled.jpg\" \/>\n\t\t<meta property=\"og:image:secure_url\" content=\"https:\/\/www.danisphotographe.com\/wp-content\/uploads\/2026\/08\/005-2008-Audi-R8-BW-scaled.jpg\" \/>\n\t\t<meta property=\"og:image:width\" content=\"2560\" \/>\n\t\t<meta property=\"og:image:height\" content=\"1707\" \/>\n\t\t<meta property=\"article:published_time\" content=\"2026-08-16T02:25:55+00:00\" \/>\n\t\t<meta property=\"article:modified_time\" content=\"2026-08-16T02:25:56+00:00\" \/>\n\t\t<meta name=\"twitter:card\" content=\"summary_large_image\" \/>\n\t\t<meta name=\"twitter:title\" content=\"Audi R8 - Danis Photographe\" \/>\n\t\t<meta name=\"twitter:description\" content=\"L&#039;Audi R8 de 2008 est une supercar r\u00e9volutionnaire \u00e0 moteur central qui allie confort de conduite au quotidien et performances exceptionnelles sur circuit. Elle se distingue par son ch\u00e2ssis spatial en aluminium au design saisissant, la transmission int\u00e9grale Quattro embl\u00e9matique d&#039;Audi et un moteur V8 de 4,2 litres \u00e0 haut r\u00e9gime. Reconnue pour ses ailettes\" \/>\n\t\t<meta name=\"twitter:image\" content=\"https:\/\/www.danisphotographe.com\/wp-content\/uploads\/2026\/08\/005-2008-Audi-R8-BW-scaled.jpg\" \/>\n\t\t<script type=\"application\/ld+json\" class=\"aioseo-schema\">\n\t\t\t{\"@context\":\"https:\\\/\\\/schema.org\",\"@graph\":[{\"@type\":\"BlogPosting\",\"@id\":\"https:\\\/\\\/www.danisphotographe.com\\\/index.php\\\/2026\\\/08\\\/15\\\/audi-r8\\\/#blogposting\",\"name\":\"Audi R8 - Danis Photographe\",\"headline\":\"Audi R8\",\"author\":{\"@id\":\"https:\\\/\\\/www.danisphotographe.com\\\/index.php\\\/author\\\/christian\\\/#author\"},\"publisher\":{\"@id\":\"https:\\\/\\\/www.danisphotographe.com\\\/#organization\"},\"image\":{\"@type\":\"ImageObject\",\"url\":\"https:\\\/\\\/www.danisphotographe.com\\\/wp-content\\\/uploads\\\/2026\\\/08\\\/005-2008-Audi-R8-BW-scaled.jpg\",\"width\":2560,\"height\":1707,\"caption\":\"2008 Audi R8\"},\"datePublished\":\"2026-08-15T22:25:55-04:00\",\"dateModified\":\"2026-08-15T22:25:56-04:00\",\"inLanguage\":\"en-CA\",\"mainEntityOfPage\":{\"@id\":\"https:\\\/\\\/www.danisphotographe.com\\\/index.php\\\/2026\\\/08\\\/15\\\/audi-r8\\\/#webpage\"},\"isPartOf\":{\"@id\":\"https:\\\/\\\/www.danisphotographe.com\\\/index.php\\\/2026\\\/08\\\/15\\\/audi-r8\\\/#webpage\"},\"articleSection\":\"Automobile \\\/ Car, Audi, August, Auto, Automobile, Car, DanisPhotographe, DDE, LuxuryMotors, R8, Supercar\"},{\"@type\":\"BreadcrumbList\",\"@id\":\"https:\\\/\\\/www.danisphotographe.com\\\/index.php\\\/2026\\\/08\\\/15\\\/audi-r8\\\/#breadcrumblist\",\"itemListElement\":[{\"@type\":\"ListItem\",\"@id\":\"https:\\\/\\\/www.danisphotographe.com#listItem\",\"position\":1,\"name\":\"Home\",\"item\":\"https:\\\/\\\/www.danisphotographe.com\",\"nextItem\":{\"@type\":\"ListItem\",\"@id\":\"https:\\\/\\\/www.danisphotographe.com\\\/index.php\\\/category\\\/car\\\/#listItem\",\"name\":\"Automobile \\\/ Car\"}},{\"@type\":\"ListItem\",\"@id\":\"https:\\\/\\\/www.danisphotographe.com\\\/index.php\\\/category\\\/car\\\/#listItem\",\"position\":2,\"name\":\"Automobile \\\/ Car\",\"item\":\"https:\\\/\\\/www.danisphotographe.com\\\/index.php\\\/category\\\/car\\\/\",\"nextItem\":{\"@type\":\"ListItem\",\"@id\":\"https:\\\/\\\/www.danisphotographe.com\\\/index.php\\\/2026\\\/08\\\/15\\\/audi-r8\\\/#listItem\",\"name\":\"Audi R8\"},\"previousItem\":{\"@type\":\"ListItem\",\"@id\":\"https:\\\/\\\/www.danisphotographe.com#listItem\",\"name\":\"Home\"}},{\"@type\":\"ListItem\",\"@id\":\"https:\\\/\\\/www.danisphotographe.com\\\/index.php\\\/2026\\\/08\\\/15\\\/audi-r8\\\/#listItem\",\"position\":3,\"name\":\"Audi R8\",\"previousItem\":{\"@type\":\"ListItem\",\"@id\":\"https:\\\/\\\/www.danisphotographe.com\\\/index.php\\\/category\\\/car\\\/#listItem\",\"name\":\"Automobile \\\/ Car\"}}]},{\"@type\":\"Organization\",\"@id\":\"https:\\\/\\\/www.danisphotographe.com\\\/#organization\",\"name\":\"Danis Photographe\",\"url\":\"https:\\\/\\\/www.danisphotographe.com\\\/\"},{\"@type\":\"Person\",\"@id\":\"https:\\\/\\\/www.danisphotographe.com\\\/index.php\\\/author\\\/christian\\\/#author\",\"url\":\"https:\\\/\\\/www.danisphotographe.com\\\/index.php\\\/author\\\/christian\\\/\",\"name\":\"Christian Danis\",\"image\":{\"@type\":\"ImageObject\",\"@id\":\"https:\\\/\\\/www.danisphotographe.com\\\/index.php\\\/2026\\\/08\\\/15\\\/audi-r8\\\/#authorImage\",\"url\":\"https:\\\/\\\/secure.gravatar.com\\\/avatar\\\/e1e651c75ef6c1a0536d0f58c483345ae18c0c12d574b1729cbf63d7690d1cc8?s=96&d=mm&r=g\",\"width\":96,\"height\":96,\"caption\":\"Christian Danis\"}},{\"@type\":\"WebPage\",\"@id\":\"https:\\\/\\\/www.danisphotographe.com\\\/index.php\\\/2026\\\/08\\\/15\\\/audi-r8\\\/#webpage\",\"url\":\"https:\\\/\\\/www.danisphotographe.com\\\/index.php\\\/2026\\\/08\\\/15\\\/audi-r8\\\/\",\"name\":\"Audi R8 - Danis Photographe\",\"description\":\"L'Audi R8 de 2008 est une supercar r\\u00e9volutionnaire \\u00e0 moteur central qui allie confort de conduite au quotidien et performances exceptionnelles sur circuit. Elle se distingue par son ch\\u00e2ssis spatial en aluminium au design saisissant, la transmission int\\u00e9grale Quattro embl\\u00e9matique d'Audi et un moteur V8 de 4,2 litres \\u00e0 haut r\\u00e9gime. Reconnue pour ses ailettes\",\"inLanguage\":\"en-CA\",\"isPartOf\":{\"@id\":\"https:\\\/\\\/www.danisphotographe.com\\\/#website\"},\"breadcrumb\":{\"@id\":\"https:\\\/\\\/www.danisphotographe.com\\\/index.php\\\/2026\\\/08\\\/15\\\/audi-r8\\\/#breadcrumblist\"},\"author\":{\"@id\":\"https:\\\/\\\/www.danisphotographe.com\\\/index.php\\\/author\\\/christian\\\/#author\"},\"creator\":{\"@id\":\"https:\\\/\\\/www.danisphotographe.com\\\/index.php\\\/author\\\/christian\\\/#author\"},\"image\":{\"@type\":\"ImageObject\",\"url\":\"https:\\\/\\\/www.danisphotographe.com\\\/wp-content\\\/uploads\\\/2026\\\/08\\\/005-2008-Audi-R8-BW-scaled.jpg\",\"@id\":\"https:\\\/\\\/www.danisphotographe.com\\\/index.php\\\/2026\\\/08\\\/15\\\/audi-r8\\\/#mainImage\",\"width\":2560,\"height\":1707,\"caption\":\"2008 Audi R8\"},\"primaryImageOfPage\":{\"@id\":\"https:\\\/\\\/www.danisphotographe.com\\\/index.php\\\/2026\\\/08\\\/15\\\/audi-r8\\\/#mainImage\"},\"datePublished\":\"2026-08-15T22:25:55-04:00\",\"dateModified\":\"2026-08-15T22:25:56-04:00\"},{\"@type\":\"WebSite\",\"@id\":\"https:\\\/\\\/www.danisphotographe.com\\\/#website\",\"url\":\"https:\\\/\\\/www.danisphotographe.com\\\/\",\"name\":\"Danis Photographe\",\"inLanguage\":\"en-CA\",\"publisher\":{\"@id\":\"https:\\\/\\\/www.danisphotographe.com\\\/#organization\"}}]}\n\t\t<\/script>\n\t\t<!-- All in One SEO -->\n\n","aioseo_head_json":{"title":"Audi R8 - Danis Photographe","description":"L'Audi R8 de 2008 est une supercar r\u00e9volutionnaire \u00e0 moteur central qui allie confort de conduite au quotidien et performances exceptionnelles sur circuit. Elle se distingue par son ch\u00e2ssis spatial en aluminium au design saisissant, la transmission int\u00e9grale Quattro embl\u00e9matique d'Audi et un moteur V8 de 4,2 litres \u00e0 haut r\u00e9gime. Reconnue pour ses ailettes","canonical_url":"https:\/\/www.danisphotographe.com\/index.php\/2026\/08\/15\/audi-r8\/","robots":"max-image-preview:large","keywords":"","webmasterTools":{"miscellaneous":""},"schema":{"@context":"https:\/\/schema.org","@graph":[{"@type":"BlogPosting","@id":"https:\/\/www.danisphotographe.com\/index.php\/2026\/08\/15\/audi-r8\/#blogposting","name":"Audi R8 - Danis Photographe","headline":"Audi R8","author":{"@id":"https:\/\/www.danisphotographe.com\/index.php\/author\/christian\/#author"},"publisher":{"@id":"https:\/\/www.danisphotographe.com\/#organization"},"image":{"@type":"ImageObject","url":"https:\/\/www.danisphotographe.com\/wp-content\/uploads\/2026\/08\/005-2008-Audi-R8-BW-scaled.jpg","width":2560,"height":1707,"caption":"2008 Audi R8"},"datePublished":"2026-08-15T22:25:55-04:00","dateModified":"2026-08-15T22:25:56-04:00","inLanguage":"en-CA","mainEntityOfPage":{"@id":"https:\/\/www.danisphotographe.com\/index.php\/2026\/08\/15\/audi-r8\/#webpage"},"isPartOf":{"@id":"https:\/\/www.danisphotographe.com\/index.php\/2026\/08\/15\/audi-r8\/#webpage"},"articleSection":"Automobile \/ Car, Audi, August, Auto, Automobile, Car, DanisPhotographe, DDE, LuxuryMotors, R8, Supercar"},{"@type":"BreadcrumbList","@id":"https:\/\/www.danisphotographe.com\/index.php\/2026\/08\/15\/audi-r8\/#breadcrumblist","itemListElement":[{"@type":"ListItem","@id":"https:\/\/www.danisphotographe.com#listItem","position":1,"name":"Home","item":"https:\/\/www.danisphotographe.com","nextItem":{"@type":"ListItem","@id":"https:\/\/www.danisphotographe.com\/index.php\/category\/car\/#listItem","name":"Automobile \/ Car"}},{"@type":"ListItem","@id":"https:\/\/www.danisphotographe.com\/index.php\/category\/car\/#listItem","position":2,"name":"Automobile \/ Car","item":"https:\/\/www.danisphotographe.com\/index.php\/category\/car\/","nextItem":{"@type":"ListItem","@id":"https:\/\/www.danisphotographe.com\/index.php\/2026\/08\/15\/audi-r8\/#listItem","name":"Audi R8"},"previousItem":{"@type":"ListItem","@id":"https:\/\/www.danisphotographe.com#listItem","name":"Home"}},{"@type":"ListItem","@id":"https:\/\/www.danisphotographe.com\/index.php\/2026\/08\/15\/audi-r8\/#listItem","position":3,"name":"Audi R8","previousItem":{"@type":"ListItem","@id":"https:\/\/www.danisphotographe.com\/index.php\/category\/car\/#listItem","name":"Automobile \/ Car"}}]},{"@type":"Organization","@id":"https:\/\/www.danisphotographe.com\/#organization","name":"Danis Photographe","url":"https:\/\/www.danisphotographe.com\/"},{"@type":"Person","@id":"https:\/\/www.danisphotographe.com\/index.php\/author\/christian\/#author","url":"https:\/\/www.danisphotographe.com\/index.php\/author\/christian\/","name":"Christian Danis","image":{"@type":"ImageObject","@id":"https:\/\/www.danisphotographe.com\/index.php\/2026\/08\/15\/audi-r8\/#authorImage","url":"https:\/\/secure.gravatar.com\/avatar\/e1e651c75ef6c1a0536d0f58c483345ae18c0c12d574b1729cbf63d7690d1cc8?s=96&d=mm&r=g","width":96,"height":96,"caption":"Christian Danis"}},{"@type":"WebPage","@id":"https:\/\/www.danisphotographe.com\/index.php\/2026\/08\/15\/audi-r8\/#webpage","url":"https:\/\/www.danisphotographe.com\/index.php\/2026\/08\/15\/audi-r8\/","name":"Audi R8 - Danis Photographe","description":"L'Audi R8 de 2008 est une supercar r\u00e9volutionnaire \u00e0 moteur central qui allie confort de conduite au quotidien et performances exceptionnelles sur circuit. Elle se distingue par son ch\u00e2ssis spatial en aluminium au design saisissant, la transmission int\u00e9grale Quattro embl\u00e9matique d'Audi et un moteur V8 de 4,2 litres \u00e0 haut r\u00e9gime. Reconnue pour ses ailettes","inLanguage":"en-CA","isPartOf":{"@id":"https:\/\/www.danisphotographe.com\/#website"},"breadcrumb":{"@id":"https:\/\/www.danisphotographe.com\/index.php\/2026\/08\/15\/audi-r8\/#breadcrumblist"},"author":{"@id":"https:\/\/www.danisphotographe.com\/index.php\/author\/christian\/#author"},"creator":{"@id":"https:\/\/www.danisphotographe.com\/index.php\/author\/christian\/#author"},"image":{"@type":"ImageObject","url":"https:\/\/www.danisphotographe.com\/wp-content\/uploads\/2026\/08\/005-2008-Audi-R8-BW-scaled.jpg","@id":"https:\/\/www.danisphotographe.com\/index.php\/2026\/08\/15\/audi-r8\/#mainImage","width":2560,"height":1707,"caption":"2008 Audi R8"},"primaryImageOfPage":{"@id":"https:\/\/www.danisphotographe.com\/index.php\/2026\/08\/15\/audi-r8\/#mainImage"},"datePublished":"2026-08-15T22:25:55-04:00","dateModified":"2026-08-15T22:25:56-04:00"},{"@type":"WebSite","@id":"https:\/\/www.danisphotographe.com\/#website","url":"https:\/\/www.danisphotographe.com\/","name":"Danis Photographe","inLanguage":"en-CA","publisher":{"@id":"https:\/\/www.danisphotographe.com\/#organization"}}]},"og:locale":"en_US","og:site_name":"Danis Photographe","og:type":"article","og:title":"Audi R8 - Danis Photographe","og:description":"L'Audi R8 de 2008 est une supercar r\u00e9volutionnaire \u00e0 moteur central qui allie confort de conduite au quotidien et performances exceptionnelles sur circuit. Elle se distingue par son ch\u00e2ssis spatial en aluminium au design saisissant, la transmission int\u00e9grale Quattro embl\u00e9matique d'Audi et un moteur V8 de 4,2 litres \u00e0 haut r\u00e9gime. Reconnue pour ses ailettes","og:url":"https:\/\/www.danisphotographe.com\/index.php\/2026\/08\/15\/audi-r8\/","og:image":"https:\/\/www.danisphotographe.com\/wp-content\/uploads\/2026\/08\/005-2008-Audi-R8-BW-scaled.jpg","og:image:secure_url":"https:\/\/www.danisphotographe.com\/wp-content\/uploads\/2026\/08\/005-2008-Audi-R8-BW-scaled.jpg","og:image:width":2560,"og:image:height":1707,"article:published_time":"2026-08-16T02:25:55+00:00","article:modified_time":"2026-08-16T02:25:56+00:00","twitter:card":"summary_large_image","twitter:title":"Audi R8 - Danis Photographe","twitter:description":"L'Audi R8 de 2008 est une supercar r\u00e9volutionnaire \u00e0 moteur central qui allie confort de conduite au quotidien et performances exceptionnelles sur circuit. Elle se distingue par son ch\u00e2ssis spatial en aluminium au design saisissant, la transmission int\u00e9grale Quattro embl\u00e9matique d'Audi et un moteur V8 de 4,2 litres \u00e0 haut r\u00e9gime. Reconnue pour ses ailettes","twitter:image":"https:\/\/www.danisphotographe.com\/wp-content\/uploads\/2026\/08\/005-2008-Audi-R8-BW-scaled.jpg"},"aioseo_meta_data":{"post_id":"3357","title":null,"description":null,"keywords":null,"keyphrases":{"focus":{"keyphrase":"","score":0,"analysis":{"keyphraseInTitle":{"score":0,"maxScore":9,"error":1}}},"additional":[]},"primary_term":null,"canonical_url":null,"og_title":null,"og_description":null,"og_object_type":"default","og_image_type":"default","og_image_url":null,"og_image_width":null,"og_image_height":null,"og_image_custom_url":null,"og_image_custom_fields":null,"og_video":"","og_custom_url":null,"og_article_section":null,"og_article_tags":null,"twitter_use_og":false,"twitter_card":"default","twitter_image_type":"default","twitter_image_url":null,"twitter_image_custom_url":null,"twitter_image_custom_fields":null,"twitter_title":null,"twitter_description":null,"schema":{"blockGraphs":[],"customGraphs":[],"default":{"data":{"Article":[],"Course":[],"Dataset":[],"FAQPage":[],"Movie":[],"Person":[],"Product":[],"ProductReview":[],"Car":[],"Recipe":[],"Service":[],"SoftwareApplication":[],"WebPage":[]},"graphName":"BlogPosting","isEnabled":true},"graphs":[]},"schema_type":"default","schema_type_options":null,"pillar_content":false,"robots_default":true,"robots_noindex":false,"robots_noarchive":false,"robots_nosnippet":false,"robots_nofollow":false,"robots_noimageindex":false,"robots_noodp":false,"robots_notranslate":false,"robots_max_snippet":"-1","robots_max_videopreview":"-1","robots_max_imagepreview":"large","priority":null,"frequency":"default","local_seo":null,"breadcrumb_settings":null,"limit_modified_date":false,"ai":{"faqs":[],"keyPoints":[],"schemas":[],"titles":[],"descriptions":[],"socialPosts":{"email":{"subject":"","preview":"","content":""},"linkedin":[],"twitter":[],"facebook":[],"instagram":[]}},"created":"2026-08-15 21:58:04","updated":"2026-08-16 03:03:13","seo_analyzer_scan_date":null,"focus_keyword":null,"additional_keywords":null,"truseo_locale":null},"aioseo_breadcrumb":"<div class=\"aioseo-breadcrumbs\"><span class=\"aioseo-breadcrumb\">\n\t\t\t<a href=\"https:\/\/www.danisphotographe.com\" title=\"Home\">Home<\/a>\n\t\t<\/span><span class=\"aioseo-breadcrumb-separator\">&raquo;<\/span><span class=\"aioseo-breadcrumb\">\n\t\t\t<a href=\"https:\/\/www.danisphotographe.com\/index.php\/category\/car\/\" title=\"Automobile \/ Car\">Automobile \/ Car<\/a>\n\t\t<\/span><span class=\"aioseo-breadcrumb-separator\">&raquo;<\/span><span class=\"aioseo-breadcrumb\">\n\t\t\tAudi R8\n\t\t<\/span><\/div>","aioseo_breadcrumb_json":[{"label":"Home","link":"https:\/\/www.danisphotographe.com"},{"label":"Automobile \/ Car","link":"https:\/\/www.danisphotographe.com\/index.php\/category\/car\/"},{"label":"Audi R8","link":"https:\/\/www.danisphotographe.com\/index.php\/2026\/08\/15\/audi-r8\/"}],"_links":{"self":[{"href":"https:\/\/www.danisphotographe.com\/index.php\/wp-json\/wp\/v2\/posts\/3357","targetHints":{"allow":["GET"]}}],"collection":[{"href":"https:\/\/www.danisphotographe.com\/index.php\/wp-json\/wp\/v2\/posts"}],"about":[{"href":"https:\/\/www.danisphotographe.com\/index.php\/wp-json\/wp\/v2\/types\/post"}],"author":[{"embeddable":true,"href":"https:\/\/www.danisphotographe.com\/index.php\/wp-json\/wp\/v2\/users\/1"}],"replies":[{"embeddable":true,"href":"https:\/\/www.danisphotographe.com\/index.php\/wp-json\/wp\/v2\/comments?post=3357"}],"version-history":[{"count":5,"href":"https:\/\/www.danisphotographe.com\/index.php\/wp-json\/wp\/v2\/posts\/3357\/revisions"}],"predecessor-version":[{"id":3367,"href":"https:\/\/www.danisphotographe.com\/index.php\/wp-json\/wp\/v2\/posts\/3357\/revisions\/3367"}],"wp:featuredmedia":[{"embeddable":true,"href":"https:\/\/www.danisphotographe.com\/index.php\/wp-json\/wp\/v2\/media\/3366"}],"wp:attachment":[{"href":"https:\/\/www.danisphotographe.com\/index.php\/wp-json\/wp\/v2\/media?parent=3357"}],"wp:term":[{"taxonomy":"category","embeddable":true,"href":"https:\/\/www.danisphotographe.com\/index.php\/wp-json\/wp\/v2\/categories?post=3357"},{"taxonomy":"post_tag","embeddable":true,"href":"https:\/\/www.danisphotographe.com\/index.php\/wp-json\/wp\/v2\/tags?post=3357"}],"curies":[{"name":"wp","href":"https:\/\/api.w.org\/{rel}","templated":true}]}}