{"id":3341,"date":"2026-08-14T07:35:55","date_gmt":"2026-08-14T11:35:55","guid":{"rendered":"https:\/\/www.danisphotographe.com\/?p=3341"},"modified":"2026-08-14T07:41:18","modified_gmt":"2026-08-14T11:41:18","slug":"crx-si","status":"publish","type":"post","link":"https:\/\/www.danisphotographe.com\/index.php\/2026\/08\/14\/crx-si\/","title":{"rendered":"CRX &#8211; Si"},"content":{"rendered":"\n<p class=\"has-black-color has-text-color has-link-color wp-elements-1 wp-block-paragraph\">La Honda CR-X est une voiture sport compacte l\u00e9g\u00e8re \u00e0 traction avant, fabriqu\u00e9e par Honda. R\u00e9put\u00e9e pour sa maniabilit\u00e9 pr\u00e9cise, sa faible consommation de carburant et ses performances dynamiques en versions Si et VTEC, elle \u00e9tait propos\u00e9e en version deux places en Am\u00e9rique du Nord.<\/p>\n\n\n\n<p class=\"has-black-color has-text-color has-link-color wp-elements-2 wp-block-paragraph\">La Honda CR-X a \u00e9t\u00e9 produite en trois g\u00e9n\u00e9rations distinctes entre 1983 et 1998, \u00e9voluant d&#8217;une berline \u00e0 hayon l\u00e9g\u00e8re et ultra-efficace \u00e0 un roadster \u00e0 toit targa.<\/p>\n\n\n\n<p class=\"has-black-color has-text-color has-link-color wp-elements-3 wp-block-paragraph\"><\/p>\n\n\n\n<p class=\"has-black-color has-text-color has-link-color wp-elements-4 wp-block-paragraph\">Maintenant que nous avons des photos du mod\u00e8le 1989, deuxi\u00e8me g\u00e9n\u00e9ration, examinons ses caract\u00e9ristiques techniques.<\/p>\n\n\n\n<hr class=\"wp-block-separator has-text-color has-orange-color has-alpha-channel-opacity has-orange-background-color has-background is-style-wide\"\/>\n\n\n\n<p class=\"has-dark-blue-color has-text-color has-link-color wp-elements-5 wp-block-paragraph\">The Honda CR-X is a lightweight, front-wheel-drive sport compact car built by Honda. Known for sharp handling, high fuel economy, and punchy performance in Si and VTEC trims, it came as a two-seater in North America.<\/p>\n\n\n\n<p class=\"has-dark-blue-color has-text-color has-link-color wp-elements-6 wp-block-paragraph\">The Honda CR-X was produced across three distinct generations between 1983 and 1998, evolving from a lightweight ultra-efficient hatchback into a targa-top roadster.<\/p>\n\n\n\n<p class=\"wp-block-paragraph\"><\/p>\n\n\n\n<p class=\"has-dark-blue-color has-text-color has-link-color wp-elements-7 wp-block-paragraph\">Now that we have photos of the 1989 model, 2nd generation, let&#8217;s look at its technical characteristics.<\/p>\n\n\n\n<figure class=\"wp-block-table\"><table class=\"has-fixed-layout\"><tbody><tr><td>Production deuxi\u00e8me g\u00e9n\u00e9ration \/ Production 2nd Generation :<\/td><td>1988\u20131991<\/td><\/tr><tr><td>Produite \/ Produce : 1989 &#8211; CRX Si <\/td><td>18,505<\/td><\/tr><tr><td>Moteur \/ Engine :<\/td><td>1.6&nbsp;L&nbsp;D16A<\/td><\/tr><tr><td>Transmission :<\/td><td>5-speed manual<br>4-speed automatic<\/td><\/tr><tr><td>Puissance \/ Power Output :<\/td><td>115 Hp<\/td><\/tr><tr><td>Fabriqu\u00e9 \/ Manufactured :<\/td><td>Suzuka, Mie, Japan<\/td><\/tr><\/tbody><\/table><\/figure>\n\n\n\n<p class=\"has-text-align-center wp-block-paragraph\">S\u00e9lectionner l\u2019image pour la voir plein grandeur \/ Select the image to view it full size<\/p>\n\n\n\n<figure class=\"wp-block-gallery has-nested-images columns-default is-cropped wp-block-gallery-1 is-layout-flex wp-block-gallery-is-layout-flex\">\n<figure class=\"wp-block-image size-thumbnail\"><a href=\"https:\/\/www.danisphotographe.com\/wp-content\/uploads\/2026\/08\/008-1989-Honda-CRX-Si-scaled.jpg\"><img loading=\"lazy\" decoding=\"async\" width=\"150\" height=\"150\" data-id=\"3350\" src=\"https:\/\/www.danisphotographe.com\/wp-content\/uploads\/2026\/08\/008-1989-Honda-CRX-Si-150x150.jpg\" alt=\"\" class=\"wp-image-3350\"\/><\/a><\/figure>\n\n\n\n<figure class=\"wp-block-image size-thumbnail\"><a href=\"https:\/\/www.danisphotographe.com\/wp-content\/uploads\/2026\/08\/001-1989-Honda-CRX-Si-scaled.jpg\"><img loading=\"lazy\" decoding=\"async\" width=\"150\" height=\"150\" data-id=\"3343\" src=\"https:\/\/www.danisphotographe.com\/wp-content\/uploads\/2026\/08\/001-1989-Honda-CRX-Si-150x150.jpg\" alt=\"\" class=\"wp-image-3343\"\/><\/a><\/figure>\n\n\n\n<figure class=\"wp-block-image size-thumbnail\"><a href=\"https:\/\/www.danisphotographe.com\/wp-content\/uploads\/2026\/08\/006-1989-Honda-CRX-Si-scaled.jpg\"><img loading=\"lazy\" decoding=\"async\" width=\"150\" height=\"150\" data-id=\"3348\" src=\"https:\/\/www.danisphotographe.com\/wp-content\/uploads\/2026\/08\/006-1989-Honda-CRX-Si-150x150.jpg\" alt=\"\" class=\"wp-image-3348\"\/><\/a><\/figure>\n\n\n\n<figure class=\"wp-block-image size-thumbnail\"><a href=\"https:\/\/www.danisphotographe.com\/wp-content\/uploads\/2026\/08\/007-1989-Honda-CRX-Si-scaled.jpg\"><img loading=\"lazy\" decoding=\"async\" width=\"150\" height=\"150\" data-id=\"3349\" src=\"https:\/\/www.danisphotographe.com\/wp-content\/uploads\/2026\/08\/007-1989-Honda-CRX-Si-150x150.jpg\" alt=\"\" class=\"wp-image-3349\"\/><\/a><\/figure>\n\n\n\n<figure class=\"wp-block-image size-thumbnail\"><a href=\"https:\/\/www.danisphotographe.com\/wp-content\/uploads\/2026\/08\/004-1989-Honda-CRX-Si-scaled.jpg\"><img loading=\"lazy\" decoding=\"async\" width=\"150\" height=\"150\" data-id=\"3346\" src=\"https:\/\/www.danisphotographe.com\/wp-content\/uploads\/2026\/08\/004-1989-Honda-CRX-Si-150x150.jpg\" alt=\"\" class=\"wp-image-3346\"\/><\/a><\/figure>\n\n\n\n<figure class=\"wp-block-image size-thumbnail\"><a href=\"https:\/\/www.danisphotographe.com\/wp-content\/uploads\/2026\/08\/003-1989-Honda-CRX-Si-scaled.jpg\"><img loading=\"lazy\" decoding=\"async\" width=\"150\" height=\"150\" data-id=\"3345\" src=\"https:\/\/www.danisphotographe.com\/wp-content\/uploads\/2026\/08\/003-1989-Honda-CRX-Si-150x150.jpg\" alt=\"\" class=\"wp-image-3345\"\/><\/a><\/figure>\n\n\n\n<figure class=\"wp-block-image size-thumbnail\"><a href=\"https:\/\/www.danisphotographe.com\/wp-content\/uploads\/2026\/08\/005-1989-Honda-CRX-Si-scaled.jpg\"><img loading=\"lazy\" decoding=\"async\" width=\"150\" height=\"150\" data-id=\"3347\" src=\"https:\/\/www.danisphotographe.com\/wp-content\/uploads\/2026\/08\/005-1989-Honda-CRX-Si-150x150.jpg\" alt=\"\" class=\"wp-image-3347\"\/><\/a><\/figure>\n\n\n\n<figure class=\"wp-block-image size-thumbnail\"><a href=\"https:\/\/www.danisphotographe.com\/wp-content\/uploads\/2026\/08\/002-1989-Honda-CRX-Si-scaled.jpg\"><img loading=\"lazy\" decoding=\"async\" width=\"150\" height=\"150\" data-id=\"3344\" src=\"https:\/\/www.danisphotographe.com\/wp-content\/uploads\/2026\/08\/002-1989-Honda-CRX-Si-150x150.jpg\" alt=\"\" class=\"wp-image-3344\"\/><\/a><\/figure>\n<\/figure>\n\n\n\n<p class=\"has-text-align-center wp-block-paragraph\">Petit section avec Noir et Blanc en arri\u00e8re plan<\/p>\n\n\n\n<p class=\"has-text-align-center wp-block-paragraph\">\u2014\u2014\u2014\u2014\u2014\u2014\u2014\u2014\u2014\u2014\u2014\u2014\u2014\u2014\u2014\u2014-<\/p>\n\n\n\n<p class=\"has-text-align-center wp-block-paragraph\">Small section with black and white background<\/p>\n\n\n\n<figure class=\"wp-block-gallery has-nested-images columns-default is-cropped wp-block-gallery-2 is-layout-flex wp-block-gallery-is-layout-flex\">\n<figure class=\"wp-block-image size-thumbnail\"><a href=\"https:\/\/www.danisphotographe.com\/wp-content\/uploads\/2026\/08\/010-1989-Honda-CRX-Si-BW-scaled.jpg\"><img loading=\"lazy\" decoding=\"async\" width=\"150\" height=\"150\" data-id=\"3352\" src=\"https:\/\/www.danisphotographe.com\/wp-content\/uploads\/2026\/08\/010-1989-Honda-CRX-Si-BW-150x150.jpg\" alt=\"\" class=\"wp-image-3352\"\/><\/a><\/figure>\n\n\n\n<figure class=\"wp-block-image size-thumbnail\"><a href=\"https:\/\/www.danisphotographe.com\/wp-content\/uploads\/2026\/08\/011-1989-Honda-CRX-Si-BW-scaled.jpg\"><img loading=\"lazy\" decoding=\"async\" width=\"150\" height=\"150\" data-id=\"3353\" src=\"https:\/\/www.danisphotographe.com\/wp-content\/uploads\/2026\/08\/011-1989-Honda-CRX-Si-BW-150x150.jpg\" alt=\"\" class=\"wp-image-3353\"\/><\/a><\/figure>\n<\/figure>\n\n\n\n<p class=\"wp-block-paragraph\"><\/p>\n","protected":false},"excerpt":{"rendered":"<p>La Honda CR-X est une voiture sport compacte l\u00e9g\u00e8re \u00e0 traction avant, fabriqu\u00e9e par Honda. R\u00e9put\u00e9e pour sa maniabilit\u00e9 pr\u00e9cise, sa faible consommation de carburant et ses performances dynamiques en versions Si et VTEC, elle \u00e9tait propos\u00e9e en version deux&#8230; <a href=\"https:\/\/www.danisphotographe.com\/index.php\/2026\/08\/14\/crx-si\/\" class=\"read-more\">Read more<\/a><\/p>\n","protected":false},"author":1,"featured_media":3351,"comment_status":"open","ping_status":"open","sticky":false,"template":"","format":"standard","meta":{"_monsterinsights_skip_tracking":false,"_uf_show_specific_survey":0,"_uf_disable_surveys":false,"footnotes":""},"categories":[4],"tags":[328,326,327,43,15,14,325,184,324,319,329],"class_list":["post-3341","post","type-post","status-publish","format-standard","has-post-thumbnail","hentry","category-car","tag-classichonda","tag-hondacrx","tag-vtec","tag-auto","tag-automobile","tag-car","tag-crx","tag-danisphotographe-2","tag-honda","tag-jdm","tag-jdmculture"],"aioseo_notices":[],"aioseo_head":"\n\t\t<!-- All in One SEO 5.0.1 - aioseo.com -->\n\t<meta name=\"description\" content=\"La Honda CR-X est une voiture sport compacte l\u00e9g\u00e8re \u00e0 traction avant, fabriqu\u00e9e par Honda. R\u00e9put\u00e9e pour sa maniabilit\u00e9 pr\u00e9cise, sa faible consommation de carburant et ses performances dynamiques en versions Si et VTEC, elle \u00e9tait propos\u00e9e en version deux places en Am\u00e9rique du Nord. La Honda CR-X a \u00e9t\u00e9 produite en trois g\u00e9n\u00e9rations distinctes\" \/>\n\t<meta name=\"robots\" content=\"max-image-preview:large\" \/>\n\t<meta name=\"author\" content=\"Christian Danis\"\/>\n\t<link rel=\"canonical\" href=\"https:\/\/www.danisphotographe.com\/index.php\/2026\/08\/14\/crx-si\/\" \/>\n\t<meta name=\"generator\" content=\"All in One SEO (AIOSEO) 5.0.1\" \/>\n\t\t<meta property=\"og:locale\" content=\"en_US\" \/>\n\t\t<meta property=\"og:site_name\" content=\"Danis Photographe\" \/>\n\t\t<meta property=\"og:type\" content=\"article\" \/>\n\t\t<meta property=\"og:title\" content=\"CRX \u2013 Si - Danis Photographe\" \/>\n\t\t<meta property=\"og:description\" content=\"La Honda CR-X est une voiture sport compacte l\u00e9g\u00e8re \u00e0 traction avant, fabriqu\u00e9e par Honda. R\u00e9put\u00e9e pour sa maniabilit\u00e9 pr\u00e9cise, sa faible consommation de carburant et ses performances dynamiques en versions Si et VTEC, elle \u00e9tait propos\u00e9e en version deux places en Am\u00e9rique du Nord. La Honda CR-X a \u00e9t\u00e9 produite en trois g\u00e9n\u00e9rations distinctes\" \/>\n\t\t<meta property=\"og:url\" content=\"https:\/\/www.danisphotographe.com\/index.php\/2026\/08\/14\/crx-si\/\" \/>\n\t\t<meta property=\"og:image\" content=\"https:\/\/www.danisphotographe.com\/wp-content\/uploads\/2026\/08\/009-1989-Honda-CRX-Si-scaled.jpg\" \/>\n\t\t<meta property=\"og:image:secure_url\" content=\"https:\/\/www.danisphotographe.com\/wp-content\/uploads\/2026\/08\/009-1989-Honda-CRX-Si-scaled.jpg\" \/>\n\t\t<meta property=\"og:image:width\" content=\"2560\" \/>\n\t\t<meta property=\"og:image:height\" content=\"1707\" \/>\n\t\t<meta property=\"article:published_time\" content=\"2026-08-14T11:35:55+00:00\" \/>\n\t\t<meta property=\"article:modified_time\" content=\"2026-08-14T11:41:18+00:00\" \/>\n\t\t<meta name=\"twitter:card\" content=\"summary_large_image\" \/>\n\t\t<meta name=\"twitter:title\" content=\"CRX \u2013 Si - Danis Photographe\" \/>\n\t\t<meta name=\"twitter:description\" content=\"La Honda CR-X est une voiture sport compacte l\u00e9g\u00e8re \u00e0 traction avant, fabriqu\u00e9e par Honda. R\u00e9put\u00e9e pour sa maniabilit\u00e9 pr\u00e9cise, sa faible consommation de carburant et ses performances dynamiques en versions Si et VTEC, elle \u00e9tait propos\u00e9e en version deux places en Am\u00e9rique du Nord. La Honda CR-X a \u00e9t\u00e9 produite en trois g\u00e9n\u00e9rations distinctes\" \/>\n\t\t<meta name=\"twitter:image\" content=\"https:\/\/www.danisphotographe.com\/wp-content\/uploads\/2026\/08\/009-1989-Honda-CRX-Si-scaled.jpg\" \/>\n\t\t<script type=\"application\/ld+json\" class=\"aioseo-schema\">\n\t\t\t{\"@context\":\"https:\\\/\\\/schema.org\",\"@graph\":[{\"@type\":\"BlogPosting\",\"@id\":\"https:\\\/\\\/www.danisphotographe.com\\\/index.php\\\/2026\\\/08\\\/14\\\/crx-si\\\/#blogposting\",\"name\":\"CRX \\u2013 Si - Danis Photographe\",\"headline\":\"CRX &#8211; Si\",\"author\":{\"@id\":\"https:\\\/\\\/www.danisphotographe.com\\\/index.php\\\/author\\\/christian\\\/#author\"},\"publisher\":{\"@id\":\"https:\\\/\\\/www.danisphotographe.com\\\/#organization\"},\"image\":{\"@type\":\"ImageObject\",\"url\":\"https:\\\/\\\/www.danisphotographe.com\\\/wp-content\\\/uploads\\\/2026\\\/08\\\/009-1989-Honda-CRX-Si-scaled.jpg\",\"width\":2560,\"height\":1707,\"caption\":\"1989 Honda CRX Si\"},\"datePublished\":\"2026-08-14T07:35:55-04:00\",\"dateModified\":\"2026-08-14T07:41:18-04:00\",\"inLanguage\":\"en-CA\",\"mainEntityOfPage\":{\"@id\":\"https:\\\/\\\/www.danisphotographe.com\\\/index.php\\\/2026\\\/08\\\/14\\\/crx-si\\\/#webpage\"},\"isPartOf\":{\"@id\":\"https:\\\/\\\/www.danisphotographe.com\\\/index.php\\\/2026\\\/08\\\/14\\\/crx-si\\\/#webpage\"},\"articleSection\":\"Automobile \\\/ Car, #ClassicHonda, #hondacrx, #VTEC, Auto, Automobile, Car, CRX, DanisPhotographe, HOnda, JDM, JDMculture\"},{\"@type\":\"BreadcrumbList\",\"@id\":\"https:\\\/\\\/www.danisphotographe.com\\\/index.php\\\/2026\\\/08\\\/14\\\/crx-si\\\/#breadcrumblist\",\"itemListElement\":[{\"@type\":\"ListItem\",\"@id\":\"https:\\\/\\\/www.danisphotographe.com#listItem\",\"position\":1,\"name\":\"Home\",\"item\":\"https:\\\/\\\/www.danisphotographe.com\",\"nextItem\":{\"@type\":\"ListItem\",\"@id\":\"https:\\\/\\\/www.danisphotographe.com\\\/index.php\\\/category\\\/car\\\/#listItem\",\"name\":\"Automobile \\\/ Car\"}},{\"@type\":\"ListItem\",\"@id\":\"https:\\\/\\\/www.danisphotographe.com\\\/index.php\\\/category\\\/car\\\/#listItem\",\"position\":2,\"name\":\"Automobile \\\/ Car\",\"item\":\"https:\\\/\\\/www.danisphotographe.com\\\/index.php\\\/category\\\/car\\\/\",\"nextItem\":{\"@type\":\"ListItem\",\"@id\":\"https:\\\/\\\/www.danisphotographe.com\\\/index.php\\\/2026\\\/08\\\/14\\\/crx-si\\\/#listItem\",\"name\":\"CRX &#8211; Si\"},\"previousItem\":{\"@type\":\"ListItem\",\"@id\":\"https:\\\/\\\/www.danisphotographe.com#listItem\",\"name\":\"Home\"}},{\"@type\":\"ListItem\",\"@id\":\"https:\\\/\\\/www.danisphotographe.com\\\/index.php\\\/2026\\\/08\\\/14\\\/crx-si\\\/#listItem\",\"position\":3,\"name\":\"CRX &#8211; Si\",\"previousItem\":{\"@type\":\"ListItem\",\"@id\":\"https:\\\/\\\/www.danisphotographe.com\\\/index.php\\\/category\\\/car\\\/#listItem\",\"name\":\"Automobile \\\/ Car\"}}]},{\"@type\":\"Organization\",\"@id\":\"https:\\\/\\\/www.danisphotographe.com\\\/#organization\",\"name\":\"Danis Photographe\",\"url\":\"https:\\\/\\\/www.danisphotographe.com\\\/\"},{\"@type\":\"Person\",\"@id\":\"https:\\\/\\\/www.danisphotographe.com\\\/index.php\\\/author\\\/christian\\\/#author\",\"url\":\"https:\\\/\\\/www.danisphotographe.com\\\/index.php\\\/author\\\/christian\\\/\",\"name\":\"Christian Danis\",\"image\":{\"@type\":\"ImageObject\",\"@id\":\"https:\\\/\\\/www.danisphotographe.com\\\/index.php\\\/2026\\\/08\\\/14\\\/crx-si\\\/#authorImage\",\"url\":\"https:\\\/\\\/secure.gravatar.com\\\/avatar\\\/e1e651c75ef6c1a0536d0f58c483345ae18c0c12d574b1729cbf63d7690d1cc8?s=96&d=mm&r=g\",\"width\":96,\"height\":96,\"caption\":\"Christian Danis\"}},{\"@type\":\"WebPage\",\"@id\":\"https:\\\/\\\/www.danisphotographe.com\\\/index.php\\\/2026\\\/08\\\/14\\\/crx-si\\\/#webpage\",\"url\":\"https:\\\/\\\/www.danisphotographe.com\\\/index.php\\\/2026\\\/08\\\/14\\\/crx-si\\\/\",\"name\":\"CRX \\u2013 Si - Danis Photographe\",\"description\":\"La Honda CR-X est une voiture sport compacte l\\u00e9g\\u00e8re \\u00e0 traction avant, fabriqu\\u00e9e par Honda. R\\u00e9put\\u00e9e pour sa maniabilit\\u00e9 pr\\u00e9cise, sa faible consommation de carburant et ses performances dynamiques en versions Si et VTEC, elle \\u00e9tait propos\\u00e9e en version deux places en Am\\u00e9rique du Nord. La Honda CR-X a \\u00e9t\\u00e9 produite en trois g\\u00e9n\\u00e9rations distinctes\",\"inLanguage\":\"en-CA\",\"isPartOf\":{\"@id\":\"https:\\\/\\\/www.danisphotographe.com\\\/#website\"},\"breadcrumb\":{\"@id\":\"https:\\\/\\\/www.danisphotographe.com\\\/index.php\\\/2026\\\/08\\\/14\\\/crx-si\\\/#breadcrumblist\"},\"author\":{\"@id\":\"https:\\\/\\\/www.danisphotographe.com\\\/index.php\\\/author\\\/christian\\\/#author\"},\"creator\":{\"@id\":\"https:\\\/\\\/www.danisphotographe.com\\\/index.php\\\/author\\\/christian\\\/#author\"},\"image\":{\"@type\":\"ImageObject\",\"url\":\"https:\\\/\\\/www.danisphotographe.com\\\/wp-content\\\/uploads\\\/2026\\\/08\\\/009-1989-Honda-CRX-Si-scaled.jpg\",\"@id\":\"https:\\\/\\\/www.danisphotographe.com\\\/index.php\\\/2026\\\/08\\\/14\\\/crx-si\\\/#mainImage\",\"width\":2560,\"height\":1707,\"caption\":\"1989 Honda CRX Si\"},\"primaryImageOfPage\":{\"@id\":\"https:\\\/\\\/www.danisphotographe.com\\\/index.php\\\/2026\\\/08\\\/14\\\/crx-si\\\/#mainImage\"},\"datePublished\":\"2026-08-14T07:35:55-04:00\",\"dateModified\":\"2026-08-14T07:41:18-04:00\"},{\"@type\":\"WebSite\",\"@id\":\"https:\\\/\\\/www.danisphotographe.com\\\/#website\",\"url\":\"https:\\\/\\\/www.danisphotographe.com\\\/\",\"name\":\"Danis Photographe\",\"inLanguage\":\"en-CA\",\"publisher\":{\"@id\":\"https:\\\/\\\/www.danisphotographe.com\\\/#organization\"}}]}\n\t\t<\/script>\n\t\t<!-- All in One SEO -->\n\n","aioseo_head_json":{"title":"CRX \u2013 Si - Danis Photographe","description":"La Honda CR-X est une voiture sport compacte l\u00e9g\u00e8re \u00e0 traction avant, fabriqu\u00e9e par Honda. R\u00e9put\u00e9e pour sa maniabilit\u00e9 pr\u00e9cise, sa faible consommation de carburant et ses performances dynamiques en versions Si et VTEC, elle \u00e9tait propos\u00e9e en version deux places en Am\u00e9rique du Nord. La Honda CR-X a \u00e9t\u00e9 produite en trois g\u00e9n\u00e9rations distinctes","canonical_url":"https:\/\/www.danisphotographe.com\/index.php\/2026\/08\/14\/crx-si\/","robots":"max-image-preview:large","keywords":"","webmasterTools":{"miscellaneous":""},"schema":{"@context":"https:\/\/schema.org","@graph":[{"@type":"BlogPosting","@id":"https:\/\/www.danisphotographe.com\/index.php\/2026\/08\/14\/crx-si\/#blogposting","name":"CRX \u2013 Si - Danis Photographe","headline":"CRX &#8211; Si","author":{"@id":"https:\/\/www.danisphotographe.com\/index.php\/author\/christian\/#author"},"publisher":{"@id":"https:\/\/www.danisphotographe.com\/#organization"},"image":{"@type":"ImageObject","url":"https:\/\/www.danisphotographe.com\/wp-content\/uploads\/2026\/08\/009-1989-Honda-CRX-Si-scaled.jpg","width":2560,"height":1707,"caption":"1989 Honda CRX Si"},"datePublished":"2026-08-14T07:35:55-04:00","dateModified":"2026-08-14T07:41:18-04:00","inLanguage":"en-CA","mainEntityOfPage":{"@id":"https:\/\/www.danisphotographe.com\/index.php\/2026\/08\/14\/crx-si\/#webpage"},"isPartOf":{"@id":"https:\/\/www.danisphotographe.com\/index.php\/2026\/08\/14\/crx-si\/#webpage"},"articleSection":"Automobile \/ Car, #ClassicHonda, #hondacrx, #VTEC, Auto, Automobile, Car, CRX, DanisPhotographe, HOnda, JDM, JDMculture"},{"@type":"BreadcrumbList","@id":"https:\/\/www.danisphotographe.com\/index.php\/2026\/08\/14\/crx-si\/#breadcrumblist","itemListElement":[{"@type":"ListItem","@id":"https:\/\/www.danisphotographe.com#listItem","position":1,"name":"Home","item":"https:\/\/www.danisphotographe.com","nextItem":{"@type":"ListItem","@id":"https:\/\/www.danisphotographe.com\/index.php\/category\/car\/#listItem","name":"Automobile \/ Car"}},{"@type":"ListItem","@id":"https:\/\/www.danisphotographe.com\/index.php\/category\/car\/#listItem","position":2,"name":"Automobile \/ Car","item":"https:\/\/www.danisphotographe.com\/index.php\/category\/car\/","nextItem":{"@type":"ListItem","@id":"https:\/\/www.danisphotographe.com\/index.php\/2026\/08\/14\/crx-si\/#listItem","name":"CRX &#8211; Si"},"previousItem":{"@type":"ListItem","@id":"https:\/\/www.danisphotographe.com#listItem","name":"Home"}},{"@type":"ListItem","@id":"https:\/\/www.danisphotographe.com\/index.php\/2026\/08\/14\/crx-si\/#listItem","position":3,"name":"CRX &#8211; Si","previousItem":{"@type":"ListItem","@id":"https:\/\/www.danisphotographe.com\/index.php\/category\/car\/#listItem","name":"Automobile \/ Car"}}]},{"@type":"Organization","@id":"https:\/\/www.danisphotographe.com\/#organization","name":"Danis Photographe","url":"https:\/\/www.danisphotographe.com\/"},{"@type":"Person","@id":"https:\/\/www.danisphotographe.com\/index.php\/author\/christian\/#author","url":"https:\/\/www.danisphotographe.com\/index.php\/author\/christian\/","name":"Christian Danis","image":{"@type":"ImageObject","@id":"https:\/\/www.danisphotographe.com\/index.php\/2026\/08\/14\/crx-si\/#authorImage","url":"https:\/\/secure.gravatar.com\/avatar\/e1e651c75ef6c1a0536d0f58c483345ae18c0c12d574b1729cbf63d7690d1cc8?s=96&d=mm&r=g","width":96,"height":96,"caption":"Christian Danis"}},{"@type":"WebPage","@id":"https:\/\/www.danisphotographe.com\/index.php\/2026\/08\/14\/crx-si\/#webpage","url":"https:\/\/www.danisphotographe.com\/index.php\/2026\/08\/14\/crx-si\/","name":"CRX \u2013 Si - Danis Photographe","description":"La Honda CR-X est une voiture sport compacte l\u00e9g\u00e8re \u00e0 traction avant, fabriqu\u00e9e par Honda. R\u00e9put\u00e9e pour sa maniabilit\u00e9 pr\u00e9cise, sa faible consommation de carburant et ses performances dynamiques en versions Si et VTEC, elle \u00e9tait propos\u00e9e en version deux places en Am\u00e9rique du Nord. La Honda CR-X a \u00e9t\u00e9 produite en trois g\u00e9n\u00e9rations distinctes","inLanguage":"en-CA","isPartOf":{"@id":"https:\/\/www.danisphotographe.com\/#website"},"breadcrumb":{"@id":"https:\/\/www.danisphotographe.com\/index.php\/2026\/08\/14\/crx-si\/#breadcrumblist"},"author":{"@id":"https:\/\/www.danisphotographe.com\/index.php\/author\/christian\/#author"},"creator":{"@id":"https:\/\/www.danisphotographe.com\/index.php\/author\/christian\/#author"},"image":{"@type":"ImageObject","url":"https:\/\/www.danisphotographe.com\/wp-content\/uploads\/2026\/08\/009-1989-Honda-CRX-Si-scaled.jpg","@id":"https:\/\/www.danisphotographe.com\/index.php\/2026\/08\/14\/crx-si\/#mainImage","width":2560,"height":1707,"caption":"1989 Honda CRX Si"},"primaryImageOfPage":{"@id":"https:\/\/www.danisphotographe.com\/index.php\/2026\/08\/14\/crx-si\/#mainImage"},"datePublished":"2026-08-14T07:35:55-04:00","dateModified":"2026-08-14T07:41:18-04:00"},{"@type":"WebSite","@id":"https:\/\/www.danisphotographe.com\/#website","url":"https:\/\/www.danisphotographe.com\/","name":"Danis Photographe","inLanguage":"en-CA","publisher":{"@id":"https:\/\/www.danisphotographe.com\/#organization"}}]},"og:locale":"en_US","og:site_name":"Danis Photographe","og:type":"article","og:title":"CRX \u2013 Si - Danis Photographe","og:description":"La Honda CR-X est une voiture sport compacte l\u00e9g\u00e8re \u00e0 traction avant, fabriqu\u00e9e par Honda. R\u00e9put\u00e9e pour sa maniabilit\u00e9 pr\u00e9cise, sa faible consommation de carburant et ses performances dynamiques en versions Si et VTEC, elle \u00e9tait propos\u00e9e en version deux places en Am\u00e9rique du Nord. La Honda CR-X a \u00e9t\u00e9 produite en trois g\u00e9n\u00e9rations distinctes","og:url":"https:\/\/www.danisphotographe.com\/index.php\/2026\/08\/14\/crx-si\/","og:image":"https:\/\/www.danisphotographe.com\/wp-content\/uploads\/2026\/08\/009-1989-Honda-CRX-Si-scaled.jpg","og:image:secure_url":"https:\/\/www.danisphotographe.com\/wp-content\/uploads\/2026\/08\/009-1989-Honda-CRX-Si-scaled.jpg","og:image:width":2560,"og:image:height":1707,"article:published_time":"2026-08-14T11:35:55+00:00","article:modified_time":"2026-08-14T11:41:18+00:00","twitter:card":"summary_large_image","twitter:title":"CRX \u2013 Si - Danis Photographe","twitter:description":"La Honda CR-X est une voiture sport compacte l\u00e9g\u00e8re \u00e0 traction avant, fabriqu\u00e9e par Honda. R\u00e9put\u00e9e pour sa maniabilit\u00e9 pr\u00e9cise, sa faible consommation de carburant et ses performances dynamiques en versions Si et VTEC, elle \u00e9tait propos\u00e9e en version deux places en Am\u00e9rique du Nord. La Honda CR-X a \u00e9t\u00e9 produite en trois g\u00e9n\u00e9rations distinctes","twitter:image":"https:\/\/www.danisphotographe.com\/wp-content\/uploads\/2026\/08\/009-1989-Honda-CRX-Si-scaled.jpg"},"aioseo_meta_data":{"post_id":"3341","title":null,"description":null,"keywords":null,"keyphrases":{"focus":{"keyphrase":"","score":0,"analysis":{"keyphraseInTitle":{"score":0,"maxScore":9,"error":1}}},"additional":[]},"primary_term":null,"canonical_url":null,"og_title":null,"og_description":null,"og_object_type":"default","og_image_type":"default","og_image_url":null,"og_image_width":null,"og_image_height":null,"og_image_custom_url":null,"og_image_custom_fields":null,"og_video":"","og_custom_url":null,"og_article_section":null,"og_article_tags":null,"twitter_use_og":false,"twitter_card":"default","twitter_image_type":"default","twitter_image_url":null,"twitter_image_custom_url":null,"twitter_image_custom_fields":null,"twitter_title":null,"twitter_description":null,"schema":{"blockGraphs":[],"customGraphs":[],"default":{"data":{"Article":[],"Course":[],"Dataset":[],"FAQPage":[],"Movie":[],"Person":[],"Product":[],"ProductReview":[],"Car":[],"Recipe":[],"Service":[],"SoftwareApplication":[],"WebPage":[]},"graphName":"BlogPosting","isEnabled":true},"graphs":[]},"schema_type":"default","schema_type_options":null,"pillar_content":false,"robots_default":true,"robots_noindex":false,"robots_noarchive":false,"robots_nosnippet":false,"robots_nofollow":false,"robots_noimageindex":false,"robots_noodp":false,"robots_notranslate":false,"robots_max_snippet":"-1","robots_max_videopreview":"-1","robots_max_imagepreview":"large","priority":null,"frequency":"default","local_seo":null,"breadcrumb_settings":null,"limit_modified_date":false,"ai":{"faqs":[],"keyPoints":[],"schemas":[],"titles":[],"descriptions":[],"socialPosts":{"email":{"subject":"","preview":"","content":""},"linkedin":[],"twitter":[],"facebook":[],"instagram":[]}},"created":"2026-08-14 11:10:38","updated":"2026-08-15 21:46:52","seo_analyzer_scan_date":null,"focus_keyword":null,"additional_keywords":null,"truseo_locale":null},"aioseo_breadcrumb":"<div class=\"aioseo-breadcrumbs\"><span class=\"aioseo-breadcrumb\">\n\t\t\t<a href=\"https:\/\/www.danisphotographe.com\" title=\"Home\">Home<\/a>\n\t\t<\/span><span class=\"aioseo-breadcrumb-separator\">&raquo;<\/span><span class=\"aioseo-breadcrumb\">\n\t\t\t<a href=\"https:\/\/www.danisphotographe.com\/index.php\/category\/car\/\" title=\"Automobile \/ Car\">Automobile \/ Car<\/a>\n\t\t<\/span><span class=\"aioseo-breadcrumb-separator\">&raquo;<\/span><span class=\"aioseo-breadcrumb\">\n\t\t\tCRX \u2013 Si\n\t\t<\/span><\/div>","aioseo_breadcrumb_json":[{"label":"Home","link":"https:\/\/www.danisphotographe.com"},{"label":"Automobile \/ Car","link":"https:\/\/www.danisphotographe.com\/index.php\/category\/car\/"},{"label":"CRX &#8211; Si","link":"https:\/\/www.danisphotographe.com\/index.php\/2026\/08\/14\/crx-si\/"}],"_links":{"self":[{"href":"https:\/\/www.danisphotographe.com\/index.php\/wp-json\/wp\/v2\/posts\/3341","targetHints":{"allow":["GET"]}}],"collection":[{"href":"https:\/\/www.danisphotographe.com\/index.php\/wp-json\/wp\/v2\/posts"}],"about":[{"href":"https:\/\/www.danisphotographe.com\/index.php\/wp-json\/wp\/v2\/types\/post"}],"author":[{"embeddable":true,"href":"https:\/\/www.danisphotographe.com\/index.php\/wp-json\/wp\/v2\/users\/1"}],"replies":[{"embeddable":true,"href":"https:\/\/www.danisphotographe.com\/index.php\/wp-json\/wp\/v2\/comments?post=3341"}],"version-history":[{"count":3,"href":"https:\/\/www.danisphotographe.com\/index.php\/wp-json\/wp\/v2\/posts\/3341\/revisions"}],"predecessor-version":[{"id":3356,"href":"https:\/\/www.danisphotographe.com\/index.php\/wp-json\/wp\/v2\/posts\/3341\/revisions\/3356"}],"wp:featuredmedia":[{"embeddable":true,"href":"https:\/\/www.danisphotographe.com\/index.php\/wp-json\/wp\/v2\/media\/3351"}],"wp:attachment":[{"href":"https:\/\/www.danisphotographe.com\/index.php\/wp-json\/wp\/v2\/media?parent=3341"}],"wp:term":[{"taxonomy":"category","embeddable":true,"href":"https:\/\/www.danisphotographe.com\/index.php\/wp-json\/wp\/v2\/categories?post=3341"},{"taxonomy":"post_tag","embeddable":true,"href":"https:\/\/www.danisphotographe.com\/index.php\/wp-json\/wp\/v2\/tags?post=3341"}],"curies":[{"name":"wp","href":"https:\/\/api.w.org\/{rel}","templated":true}]}}