{"id":2884,"date":"2026-03-13T07:33:35","date_gmt":"2026-03-13T11:33:35","guid":{"rendered":"https:\/\/www.danisphotographe.com\/?p=2884"},"modified":"2026-03-13T07:47:24","modified_gmt":"2026-03-13T11:47:24","slug":"ford-gt","status":"publish","type":"post","link":"https:\/\/www.danisphotographe.com\/index.php\/2026\/03\/13\/ford-gt\/","title":{"rendered":"FORD GT"},"content":{"rendered":"\n<figure class=\"wp-block-table\"><table class=\"has-black-color has-text-color has-background has-link-color has-fixed-layout\" style=\"background-color:#a4a4a4\"><tbody><tr><td>Cadre pour voiture \u00e0 l&#8217;\u00e9chelle 1\/64<br><br>Dimension :<br>Largeur de 8\u2033 (20cm) Hauteur 8\u2033 (20cm) Profondeur 1.8\u2033 ( 4.5cm )<\/td><td>1\/64 Scale Car Frame<br><br>Dimensions:<br>Width 8\u2033 (20cm) Height 8\u2033 (20cm) Depth 1.8\u2033 (4.5cm)<\/td><\/tr><\/tbody><\/table><\/figure>\n\n\n\n<p class=\"has-text-align-center has-normal-font-size wp-block-paragraph\">A Vendre \/ For Sales :\u00a0<strong>70$<\/strong><\/p>\n\n\n\n<p class=\"has-text-align-center wp-block-paragraph\">Voiture incluse \/ Car included<\/p>\n\n\n\n<figure class=\"wp-block-table has-small-font-size\"><table class=\"has-white-color has-text-color has-background has-link-color has-fixed-layout\" style=\"background-color:#8e8e8e\"><tbody><tr><td class=\"has-text-align-right\" data-align=\"right\">Vous pouvez commander un mod\u00e8le personnalis\u00e9 selon vos pr\u00e9f\u00e9rences.<\/td><td>You can order a customized model according to your preferences.<\/td><\/tr><tr><td class=\"has-text-align-right\" data-align=\"right\">Courriels \/ Email<\/td><td><a href=\"mailto:cdanis@danisphotographe.com\">Christian Danis<\/a><\/td><\/tr><\/tbody><\/table><\/figure>\n\n\n\n<p class=\"wp-block-paragraph\"><\/p>\n","protected":false},"excerpt":{"rendered":"<p>Cadre pour voiture \u00e0 l&#8217;\u00e9chelle 1\/64 Dimension :Largeur de 8\u2033 (20cm) Hauteur 8\u2033 (20cm) Profondeur 1.8\u2033 ( 4.5cm ) 1\/64 Scale Car Frame Dimensions:Width 8\u2033 (20cm) Height 8\u2033 (20cm) Depth 1.8\u2033 (4.5cm) A Vendre \/ For Sales :\u00a070$ Voiture incluse&#8230; <a href=\"https:\/\/www.danisphotographe.com\/index.php\/2026\/03\/13\/ford-gt\/\" class=\"read-more\">Read more<\/a><\/p>\n","protected":false},"author":1,"featured_media":2885,"comment_status":"open","ping_status":"open","sticky":false,"template":"","format":"standard","meta":{"_monsterinsights_skip_tracking":false,"_uf_show_specific_survey":0,"_uf_disable_surveys":false,"footnotes":""},"categories":[249],"tags":[264,209,263,262,265],"class_list":["post-2884","post","type-post","status-publish","format-standard","has-post-thumbnail","hentry","category-creation-creation","tag-cadre","tag-ford","tag-frame","tag-gt","tag-hot-wheels"],"aioseo_notices":[],"aioseo_head":"\n\t\t<!-- All in One SEO 5.0.1 - aioseo.com -->\n\t<meta name=\"description\" content=\"A Vendre \/ For Sales : 70$ Voiture incluse \/ Car included\" \/>\n\t<meta name=\"robots\" content=\"max-image-preview:large\" \/>\n\t<meta name=\"author\" content=\"Christian Danis\"\/>\n\t<link rel=\"canonical\" href=\"https:\/\/www.danisphotographe.com\/index.php\/2026\/03\/13\/ford-gt\/\" \/>\n\t<meta name=\"generator\" content=\"All in One SEO (AIOSEO) 5.0.1\" \/>\n\t\t<meta property=\"og:locale\" content=\"en_US\" \/>\n\t\t<meta property=\"og:site_name\" content=\"Danis Photographe\" \/>\n\t\t<meta property=\"og:type\" content=\"article\" \/>\n\t\t<meta property=\"og:title\" content=\"FORD GT - Danis Photographe\" \/>\n\t\t<meta property=\"og:description\" content=\"A Vendre \/ For Sales : 70$ Voiture incluse \/ Car included\" \/>\n\t\t<meta property=\"og:url\" content=\"https:\/\/www.danisphotographe.com\/index.php\/2026\/03\/13\/ford-gt\/\" \/>\n\t\t<meta property=\"og:image\" content=\"https:\/\/www.danisphotographe.com\/wp-content\/uploads\/2026\/03\/Ford-GT-Frame.jpg\" \/>\n\t\t<meta property=\"og:image:secure_url\" content=\"https:\/\/www.danisphotographe.com\/wp-content\/uploads\/2026\/03\/Ford-GT-Frame.jpg\" \/>\n\t\t<meta property=\"og:image:width\" content=\"864\" \/>\n\t\t<meta property=\"og:image:height\" content=\"1296\" \/>\n\t\t<meta property=\"article:published_time\" content=\"2026-03-13T11:33:35+00:00\" \/>\n\t\t<meta property=\"article:modified_time\" content=\"2026-03-13T11:47:24+00:00\" \/>\n\t\t<meta name=\"twitter:card\" content=\"summary_large_image\" \/>\n\t\t<meta name=\"twitter:title\" content=\"FORD GT - Danis Photographe\" \/>\n\t\t<meta name=\"twitter:description\" content=\"A Vendre \/ For Sales : 70$ Voiture incluse \/ Car included\" \/>\n\t\t<meta name=\"twitter:image\" content=\"https:\/\/www.danisphotographe.com\/wp-content\/uploads\/2026\/03\/Ford-GT-Frame.jpg\" \/>\n\t\t<script type=\"application\/ld+json\" class=\"aioseo-schema\">\n\t\t\t{\"@context\":\"https:\\\/\\\/schema.org\",\"@graph\":[{\"@type\":\"BlogPosting\",\"@id\":\"https:\\\/\\\/www.danisphotographe.com\\\/index.php\\\/2026\\\/03\\\/13\\\/ford-gt\\\/#blogposting\",\"name\":\"FORD GT - Danis Photographe\",\"headline\":\"FORD GT\",\"author\":{\"@id\":\"https:\\\/\\\/www.danisphotographe.com\\\/index.php\\\/author\\\/christian\\\/#author\"},\"publisher\":{\"@id\":\"https:\\\/\\\/www.danisphotographe.com\\\/#organization\"},\"image\":{\"@type\":\"ImageObject\",\"url\":\"https:\\\/\\\/www.danisphotographe.com\\\/wp-content\\\/uploads\\\/2026\\\/03\\\/Ford-GT-Frame.jpg\",\"width\":864,\"height\":1296},\"datePublished\":\"2026-03-13T07:33:35-04:00\",\"dateModified\":\"2026-03-13T07:47:24-04:00\",\"inLanguage\":\"en-CA\",\"mainEntityOfPage\":{\"@id\":\"https:\\\/\\\/www.danisphotographe.com\\\/index.php\\\/2026\\\/03\\\/13\\\/ford-gt\\\/#webpage\"},\"isPartOf\":{\"@id\":\"https:\\\/\\\/www.danisphotographe.com\\\/index.php\\\/2026\\\/03\\\/13\\\/ford-gt\\\/#webpage\"},\"articleSection\":\"Creation, Cadre, Ford, Frame, GT, Hot Wheels\"},{\"@type\":\"BreadcrumbList\",\"@id\":\"https:\\\/\\\/www.danisphotographe.com\\\/index.php\\\/2026\\\/03\\\/13\\\/ford-gt\\\/#breadcrumblist\",\"itemListElement\":[{\"@type\":\"ListItem\",\"@id\":\"https:\\\/\\\/www.danisphotographe.com#listItem\",\"position\":1,\"name\":\"Home\",\"item\":\"https:\\\/\\\/www.danisphotographe.com\",\"nextItem\":{\"@type\":\"ListItem\",\"@id\":\"https:\\\/\\\/www.danisphotographe.com\\\/index.php\\\/category\\\/creation-creation\\\/#listItem\",\"name\":\"Creation\"}},{\"@type\":\"ListItem\",\"@id\":\"https:\\\/\\\/www.danisphotographe.com\\\/index.php\\\/category\\\/creation-creation\\\/#listItem\",\"position\":2,\"name\":\"Creation\",\"item\":\"https:\\\/\\\/www.danisphotographe.com\\\/index.php\\\/category\\\/creation-creation\\\/\",\"nextItem\":{\"@type\":\"ListItem\",\"@id\":\"https:\\\/\\\/www.danisphotographe.com\\\/index.php\\\/2026\\\/03\\\/13\\\/ford-gt\\\/#listItem\",\"name\":\"FORD GT\"},\"previousItem\":{\"@type\":\"ListItem\",\"@id\":\"https:\\\/\\\/www.danisphotographe.com#listItem\",\"name\":\"Home\"}},{\"@type\":\"ListItem\",\"@id\":\"https:\\\/\\\/www.danisphotographe.com\\\/index.php\\\/2026\\\/03\\\/13\\\/ford-gt\\\/#listItem\",\"position\":3,\"name\":\"FORD GT\",\"previousItem\":{\"@type\":\"ListItem\",\"@id\":\"https:\\\/\\\/www.danisphotographe.com\\\/index.php\\\/category\\\/creation-creation\\\/#listItem\",\"name\":\"Creation\"}}]},{\"@type\":\"Organization\",\"@id\":\"https:\\\/\\\/www.danisphotographe.com\\\/#organization\",\"name\":\"Danis Photographe\",\"url\":\"https:\\\/\\\/www.danisphotographe.com\\\/\"},{\"@type\":\"Person\",\"@id\":\"https:\\\/\\\/www.danisphotographe.com\\\/index.php\\\/author\\\/christian\\\/#author\",\"url\":\"https:\\\/\\\/www.danisphotographe.com\\\/index.php\\\/author\\\/christian\\\/\",\"name\":\"Christian Danis\",\"image\":{\"@type\":\"ImageObject\",\"@id\":\"https:\\\/\\\/www.danisphotographe.com\\\/index.php\\\/2026\\\/03\\\/13\\\/ford-gt\\\/#authorImage\",\"url\":\"https:\\\/\\\/secure.gravatar.com\\\/avatar\\\/e1e651c75ef6c1a0536d0f58c483345ae18c0c12d574b1729cbf63d7690d1cc8?s=96&d=mm&r=g\",\"width\":96,\"height\":96,\"caption\":\"Christian Danis\"}},{\"@type\":\"WebPage\",\"@id\":\"https:\\\/\\\/www.danisphotographe.com\\\/index.php\\\/2026\\\/03\\\/13\\\/ford-gt\\\/#webpage\",\"url\":\"https:\\\/\\\/www.danisphotographe.com\\\/index.php\\\/2026\\\/03\\\/13\\\/ford-gt\\\/\",\"name\":\"FORD GT - Danis Photographe\",\"description\":\"A Vendre \\\/ For Sales : 70$ Voiture incluse \\\/ Car included\",\"inLanguage\":\"en-CA\",\"isPartOf\":{\"@id\":\"https:\\\/\\\/www.danisphotographe.com\\\/#website\"},\"breadcrumb\":{\"@id\":\"https:\\\/\\\/www.danisphotographe.com\\\/index.php\\\/2026\\\/03\\\/13\\\/ford-gt\\\/#breadcrumblist\"},\"author\":{\"@id\":\"https:\\\/\\\/www.danisphotographe.com\\\/index.php\\\/author\\\/christian\\\/#author\"},\"creator\":{\"@id\":\"https:\\\/\\\/www.danisphotographe.com\\\/index.php\\\/author\\\/christian\\\/#author\"},\"image\":{\"@type\":\"ImageObject\",\"url\":\"https:\\\/\\\/www.danisphotographe.com\\\/wp-content\\\/uploads\\\/2026\\\/03\\\/Ford-GT-Frame.jpg\",\"@id\":\"https:\\\/\\\/www.danisphotographe.com\\\/index.php\\\/2026\\\/03\\\/13\\\/ford-gt\\\/#mainImage\",\"width\":864,\"height\":1296},\"primaryImageOfPage\":{\"@id\":\"https:\\\/\\\/www.danisphotographe.com\\\/index.php\\\/2026\\\/03\\\/13\\\/ford-gt\\\/#mainImage\"},\"datePublished\":\"2026-03-13T07:33:35-04:00\",\"dateModified\":\"2026-03-13T07:47:24-04:00\"},{\"@type\":\"WebSite\",\"@id\":\"https:\\\/\\\/www.danisphotographe.com\\\/#website\",\"url\":\"https:\\\/\\\/www.danisphotographe.com\\\/\",\"name\":\"Danis Photographe\",\"inLanguage\":\"en-CA\",\"publisher\":{\"@id\":\"https:\\\/\\\/www.danisphotographe.com\\\/#organization\"}}]}\n\t\t<\/script>\n\t\t<!-- All in One SEO -->\n\n","aioseo_head_json":{"title":"FORD GT - Danis Photographe","description":"A Vendre \/ For Sales : 70$ Voiture incluse \/ Car included","canonical_url":"https:\/\/www.danisphotographe.com\/index.php\/2026\/03\/13\/ford-gt\/","robots":"max-image-preview:large","keywords":"","webmasterTools":{"miscellaneous":""},"schema":{"@context":"https:\/\/schema.org","@graph":[{"@type":"BlogPosting","@id":"https:\/\/www.danisphotographe.com\/index.php\/2026\/03\/13\/ford-gt\/#blogposting","name":"FORD GT - Danis Photographe","headline":"FORD GT","author":{"@id":"https:\/\/www.danisphotographe.com\/index.php\/author\/christian\/#author"},"publisher":{"@id":"https:\/\/www.danisphotographe.com\/#organization"},"image":{"@type":"ImageObject","url":"https:\/\/www.danisphotographe.com\/wp-content\/uploads\/2026\/03\/Ford-GT-Frame.jpg","width":864,"height":1296},"datePublished":"2026-03-13T07:33:35-04:00","dateModified":"2026-03-13T07:47:24-04:00","inLanguage":"en-CA","mainEntityOfPage":{"@id":"https:\/\/www.danisphotographe.com\/index.php\/2026\/03\/13\/ford-gt\/#webpage"},"isPartOf":{"@id":"https:\/\/www.danisphotographe.com\/index.php\/2026\/03\/13\/ford-gt\/#webpage"},"articleSection":"Creation, Cadre, Ford, Frame, GT, Hot Wheels"},{"@type":"BreadcrumbList","@id":"https:\/\/www.danisphotographe.com\/index.php\/2026\/03\/13\/ford-gt\/#breadcrumblist","itemListElement":[{"@type":"ListItem","@id":"https:\/\/www.danisphotographe.com#listItem","position":1,"name":"Home","item":"https:\/\/www.danisphotographe.com","nextItem":{"@type":"ListItem","@id":"https:\/\/www.danisphotographe.com\/index.php\/category\/creation-creation\/#listItem","name":"Creation"}},{"@type":"ListItem","@id":"https:\/\/www.danisphotographe.com\/index.php\/category\/creation-creation\/#listItem","position":2,"name":"Creation","item":"https:\/\/www.danisphotographe.com\/index.php\/category\/creation-creation\/","nextItem":{"@type":"ListItem","@id":"https:\/\/www.danisphotographe.com\/index.php\/2026\/03\/13\/ford-gt\/#listItem","name":"FORD GT"},"previousItem":{"@type":"ListItem","@id":"https:\/\/www.danisphotographe.com#listItem","name":"Home"}},{"@type":"ListItem","@id":"https:\/\/www.danisphotographe.com\/index.php\/2026\/03\/13\/ford-gt\/#listItem","position":3,"name":"FORD GT","previousItem":{"@type":"ListItem","@id":"https:\/\/www.danisphotographe.com\/index.php\/category\/creation-creation\/#listItem","name":"Creation"}}]},{"@type":"Organization","@id":"https:\/\/www.danisphotographe.com\/#organization","name":"Danis Photographe","url":"https:\/\/www.danisphotographe.com\/"},{"@type":"Person","@id":"https:\/\/www.danisphotographe.com\/index.php\/author\/christian\/#author","url":"https:\/\/www.danisphotographe.com\/index.php\/author\/christian\/","name":"Christian Danis","image":{"@type":"ImageObject","@id":"https:\/\/www.danisphotographe.com\/index.php\/2026\/03\/13\/ford-gt\/#authorImage","url":"https:\/\/secure.gravatar.com\/avatar\/e1e651c75ef6c1a0536d0f58c483345ae18c0c12d574b1729cbf63d7690d1cc8?s=96&d=mm&r=g","width":96,"height":96,"caption":"Christian Danis"}},{"@type":"WebPage","@id":"https:\/\/www.danisphotographe.com\/index.php\/2026\/03\/13\/ford-gt\/#webpage","url":"https:\/\/www.danisphotographe.com\/index.php\/2026\/03\/13\/ford-gt\/","name":"FORD GT - Danis Photographe","description":"A Vendre \/ For Sales : 70$ Voiture incluse \/ Car included","inLanguage":"en-CA","isPartOf":{"@id":"https:\/\/www.danisphotographe.com\/#website"},"breadcrumb":{"@id":"https:\/\/www.danisphotographe.com\/index.php\/2026\/03\/13\/ford-gt\/#breadcrumblist"},"author":{"@id":"https:\/\/www.danisphotographe.com\/index.php\/author\/christian\/#author"},"creator":{"@id":"https:\/\/www.danisphotographe.com\/index.php\/author\/christian\/#author"},"image":{"@type":"ImageObject","url":"https:\/\/www.danisphotographe.com\/wp-content\/uploads\/2026\/03\/Ford-GT-Frame.jpg","@id":"https:\/\/www.danisphotographe.com\/index.php\/2026\/03\/13\/ford-gt\/#mainImage","width":864,"height":1296},"primaryImageOfPage":{"@id":"https:\/\/www.danisphotographe.com\/index.php\/2026\/03\/13\/ford-gt\/#mainImage"},"datePublished":"2026-03-13T07:33:35-04:00","dateModified":"2026-03-13T07:47:24-04:00"},{"@type":"WebSite","@id":"https:\/\/www.danisphotographe.com\/#website","url":"https:\/\/www.danisphotographe.com\/","name":"Danis Photographe","inLanguage":"en-CA","publisher":{"@id":"https:\/\/www.danisphotographe.com\/#organization"}}]},"og:locale":"en_US","og:site_name":"Danis Photographe","og:type":"article","og:title":"FORD GT - Danis Photographe","og:description":"A Vendre \/ For Sales : 70$ Voiture incluse \/ Car included","og:url":"https:\/\/www.danisphotographe.com\/index.php\/2026\/03\/13\/ford-gt\/","og:image":"https:\/\/www.danisphotographe.com\/wp-content\/uploads\/2026\/03\/Ford-GT-Frame.jpg","og:image:secure_url":"https:\/\/www.danisphotographe.com\/wp-content\/uploads\/2026\/03\/Ford-GT-Frame.jpg","og:image:width":864,"og:image:height":1296,"article:published_time":"2026-03-13T11:33:35+00:00","article:modified_time":"2026-03-13T11:47:24+00:00","twitter:card":"summary_large_image","twitter:title":"FORD GT - Danis Photographe","twitter:description":"A Vendre \/ For Sales : 70$ Voiture incluse \/ Car included","twitter:image":"https:\/\/www.danisphotographe.com\/wp-content\/uploads\/2026\/03\/Ford-GT-Frame.jpg"},"aioseo_meta_data":{"post_id":"2884","title":null,"description":null,"keywords":null,"keyphrases":{"focus":[],"additional":[]},"primary_term":null,"canonical_url":null,"og_title":null,"og_description":null,"og_object_type":"default","og_image_type":"default","og_image_url":null,"og_image_width":null,"og_image_height":null,"og_image_custom_url":null,"og_image_custom_fields":null,"og_video":"","og_custom_url":null,"og_article_section":null,"og_article_tags":null,"twitter_use_og":false,"twitter_card":"default","twitter_image_type":"default","twitter_image_url":null,"twitter_image_custom_url":null,"twitter_image_custom_fields":null,"twitter_title":null,"twitter_description":null,"schema":{"blockGraphs":[],"customGraphs":[],"default":{"data":{"Article":[],"Course":[],"Dataset":[],"FAQPage":[],"Movie":[],"Person":[],"Product":[],"ProductReview":[],"Car":[],"Recipe":[],"Service":[],"SoftwareApplication":[],"WebPage":[]},"graphName":"BlogPosting","isEnabled":true},"graphs":[]},"schema_type":"default","schema_type_options":null,"pillar_content":false,"robots_default":true,"robots_noindex":false,"robots_noarchive":false,"robots_nosnippet":false,"robots_nofollow":false,"robots_noimageindex":false,"robots_noodp":false,"robots_notranslate":false,"robots_max_snippet":"-1","robots_max_videopreview":"-1","robots_max_imagepreview":"large","priority":null,"frequency":"default","local_seo":null,"breadcrumb_settings":null,"limit_modified_date":false,"ai":{"faqs":[],"keyPoints":[],"titles":[],"descriptions":[],"socialPosts":{"email":[],"linkedin":[],"twitter":[],"facebook":[],"instagram":[]}},"created":"2026-03-13 10:37:57","updated":"2026-08-14 10:22:53","seo_analyzer_scan_date":null,"focus_keyword":null,"additional_keywords":null,"truseo_locale":null},"aioseo_breadcrumb":"<div class=\"aioseo-breadcrumbs\"><span class=\"aioseo-breadcrumb\">\n\t\t\t<a href=\"https:\/\/www.danisphotographe.com\" title=\"Home\">Home<\/a>\n\t\t<\/span><span class=\"aioseo-breadcrumb-separator\">&raquo;<\/span><span class=\"aioseo-breadcrumb\">\n\t\t\t<a href=\"https:\/\/www.danisphotographe.com\/index.php\/category\/creation-creation\/\" title=\"Creation\">Creation<\/a>\n\t\t<\/span><span class=\"aioseo-breadcrumb-separator\">&raquo;<\/span><span class=\"aioseo-breadcrumb\">\n\t\t\tFORD GT\n\t\t<\/span><\/div>","aioseo_breadcrumb_json":[{"label":"Home","link":"https:\/\/www.danisphotographe.com"},{"label":"Creation","link":"https:\/\/www.danisphotographe.com\/index.php\/category\/creation-creation\/"},{"label":"FORD GT","link":"https:\/\/www.danisphotographe.com\/index.php\/2026\/03\/13\/ford-gt\/"}],"_links":{"self":[{"href":"https:\/\/www.danisphotographe.com\/index.php\/wp-json\/wp\/v2\/posts\/2884","targetHints":{"allow":["GET"]}}],"collection":[{"href":"https:\/\/www.danisphotographe.com\/index.php\/wp-json\/wp\/v2\/posts"}],"about":[{"href":"https:\/\/www.danisphotographe.com\/index.php\/wp-json\/wp\/v2\/types\/post"}],"author":[{"embeddable":true,"href":"https:\/\/www.danisphotographe.com\/index.php\/wp-json\/wp\/v2\/users\/1"}],"replies":[{"embeddable":true,"href":"https:\/\/www.danisphotographe.com\/index.php\/wp-json\/wp\/v2\/comments?post=2884"}],"version-history":[{"count":4,"href":"https:\/\/www.danisphotographe.com\/index.php\/wp-json\/wp\/v2\/posts\/2884\/revisions"}],"predecessor-version":[{"id":2901,"href":"https:\/\/www.danisphotographe.com\/index.php\/wp-json\/wp\/v2\/posts\/2884\/revisions\/2901"}],"wp:featuredmedia":[{"embeddable":true,"href":"https:\/\/www.danisphotographe.com\/index.php\/wp-json\/wp\/v2\/media\/2885"}],"wp:attachment":[{"href":"https:\/\/www.danisphotographe.com\/index.php\/wp-json\/wp\/v2\/media?parent=2884"}],"wp:term":[{"taxonomy":"category","embeddable":true,"href":"https:\/\/www.danisphotographe.com\/index.php\/wp-json\/wp\/v2\/categories?post=2884"},{"taxonomy":"post_tag","embeddable":true,"href":"https:\/\/www.danisphotographe.com\/index.php\/wp-json\/wp\/v2\/tags?post=2884"}],"curies":[{"name":"wp","href":"https:\/\/api.w.org\/{rel}","templated":true}]}}